{"id":29524,"date":"2014-09-02T15:19:18","date_gmt":"2014-09-02T14:19:18","guid":{"rendered":"http:\/\/www.turismoitinerante.com\/site\/?p=29524"},"modified":"2014-09-02T15:19:18","modified_gmt":"2014-09-02T14:19:18","slug":"nel-cuore-di-ravenna-weekend-verde-con-giardini-e-terrazzi","status":"publish","type":"post","link":"https:\/\/www.turismoitinerante.com\/site\/nel-cuore-di-ravenna-weekend-verde-con-giardini-e-terrazzi\/","title":{"rendered":"Nel cuore di Ravenna weekend verde con &#8216;Giardini e Terrazzi&#8217;"},"content":{"rendered":"<p><b>Tanti appuntamenti collaterali tra arte, cultura e botamica. Domenica nuovo &#8220;Open Day&#8221; a Palazzo Rasponi<\/b><\/p>\n<p>Ritorna dal 5 al 7 settembre 2014 nelle principali piazze del centro storico di Ravenna la manifestazione \u201cGiardini e terrazzi\u201d che si aprir\u00e0 venerd\u00ec prossimo alle 12 alla presenza delle autorit\u00e0.<\/p>\n<p><a href=\"http:\/\/www.turismoitinerante.com\/site\/wp-content\/uploads\/2014\/09\/DSCN2305.jpg\"><img decoding=\"async\" class=\"alignleft size-medium wp-image-29525\" alt=\"DSCN2305\" src=\"http:\/\/www.turismoitinerante.com\/site\/wp-content\/uploads\/2014\/09\/DSCN2305-225x300.jpg\" width=\"225\" height=\"300\" srcset=\"https:\/\/www.turismoitinerante.com\/site\/wp-content\/uploads\/2014\/09\/DSCN2305-225x300.jpg 225w, https:\/\/www.turismoitinerante.com\/site\/wp-content\/uploads\/2014\/09\/DSCN2305-400x532.jpg 400w, https:\/\/www.turismoitinerante.com\/site\/wp-content\/uploads\/2014\/09\/DSCN2305.jpg 650w\" sizes=\"(max-width: 225px) 100vw, 225px\" \/><\/a>Con oltre 70 espositori \u201cglocal\u201d del territorio, nazionali e internazionali; 400 tipologie varietali, simulazioni e prototipi di spazi verdi, l\u2019evento offre al pubblico dei visitatori una panoramica del mercato delle piante e dei fiori e del vivere \u201cen plein air\u201d tra i pi\u00f9 rappresentativi e articolati.<\/p>\n<p>Un percorso suggestivo e profumato che, partendo da Piazza del Popolo si snoda attraversando via Diaz, Piazza Einaudi, Piazza Garibaldi, via Ricci, Piazza San Francesco e Palazzo Rasponi. Un percorso tra fiori stagionali e perenni, piante aromatiche e succulente, rose antiche, moderne o ibride, orchidee, ortensie, garofani, piante da frutta, piante giapponesi ed australiane, bulbi e sementi.<\/p>\n<p>Il concorso \u201cVerdeCreativo\u201d, cuore della manifestazione, vede la realizzazione di 7 progetti di giardini e terrazzi, proposti e realizzati da architetti, paesaggisti e manutentori del verde che, a richiesta, forniranno suggerimenti e idee per la realizzazione di uno spazio personalizzato per la casa e il giardino.<\/p>\n<p>Piante e fiori, ma anche una vasta proposta di arredamenti per il giardino e per la casa in legno, rattan, vetro, metallo e materiali innovativi; complementi d\u2019arredo, tessuti e tendaggi; un comparto dell\u2019artigianato artistico e creativo, che propone realizzazioni di qualit\u00e0, quali bijoux, cappelli, capi di abbigliamento e tessuti dipinti e ricamati a mano, quadri, cornici e giochi per bambini.<\/p>\n<p>Aspettando Ravenna 2019 Capitale Europea della Cultura, vasto e articolato il programma dei momenti di studio, approfondimenti culturali, mostre e dimostrazioni, descritti nel palinsesto di appuntamenti che si svolger\u00e0 nei palazzi e nei giardini storici di Ravenna, come il suggestivo e restaurato palazzo Rasponi, il Giardino e la Cripta Rasponi del palazzo della Provincia, il Museo Dantesco, l\u2019Orto Botanico ed Anfiteatro della Banca Popolare di Ravenna, il giardino della biblioteca di Casa Oriani.<\/p>\n<p><a href=\"http:\/\/www.turismoitinerante.com\/site\/wp-content\/uploads\/2014\/09\/DSCN2235.jpg\"><img decoding=\"async\" class=\"aligncenter size-full wp-image-29526\" alt=\"DSCN2235\" src=\"http:\/\/www.turismoitinerante.com\/site\/wp-content\/uploads\/2014\/09\/DSCN2235.jpg\" width=\"650\" height=\"487\" srcset=\"https:\/\/www.turismoitinerante.com\/site\/wp-content\/uploads\/2014\/09\/DSCN2235.jpg 650w, https:\/\/www.turismoitinerante.com\/site\/wp-content\/uploads\/2014\/09\/DSCN2235-300x224.jpg 300w, https:\/\/www.turismoitinerante.com\/site\/wp-content\/uploads\/2014\/09\/DSCN2235-400x299.jpg 400w, https:\/\/www.turismoitinerante.com\/site\/wp-content\/uploads\/2014\/09\/DSCN2235-100x75.jpg 100w\" sizes=\"(max-width: 650px) 100vw, 650px\" \/><\/a><\/p>\n<p>\u201cDurante le tre giornate il centro storico sar\u00e0 trasformato in un enorme giardino d\u2019autore- ha detto <b>l\u2019assessore alle attivit\u00e0 produttive Massimo Cameliani<\/b> nel corso della conferenza stampa di presentazione che si \u00e8 svolta stamani in municipio- .\u00a0 Visto il livello alto delle aziende espositrici assisteremo anche quest\u2019anno a creazioni botaniche e floreali di grande fascino e suggestione.<\/p>\n<p>Rispetto alla precedente edizione abbiamo ampliato gli appuntamenti di approfondimento culturale e le mostre per andare incontro a quel vasto pubblico sensibile e attento ai temi del verde e della natura in generale.<\/p>\n<p>Sottolineo che Palazzo Rasponi ospiter\u00e0 20 eventi culturali di altissimo livello e qualit\u00e0 ed inoltre domenica, in concomitanza con la manifestazione, riproporremo la riapertura straordinaria di palazzo Rasponi con Open Day e daremo cos\u00ec la possibilit\u00e0 ai turisti ed ai ravennati di vedere lo splendido palazzo\u201d.<\/p>\n<p>Il programma di quest\u2019anno infatti, realizzato in compartecipazione col Comune, si presenta particolarmente ricco anche sotto il profilo culturale grazie al coinvolgimento di numerose associazioni e soggetti privati del nostro territorio. Decine e decine di appuntamenti, fra arte, botanica, artigianato e letteratura, saranno ospitati in diverse sedi.<\/p>\n<p>Tra queste spicca il nuovo Palazzo Rasponi dalle Teste che da venerd\u00ec sar\u00e0 sede di una videoconferenza, alle 17, con il vivaista Giulio Pantoli, e alle 18.30 di un incontro pubblico su \u201cVerde tra mito e contemporaneit\u00e0\u201d. Sabato Palazzo Rasponi si aprir\u00e0 alle 10.30 con il laboratorio \u201cFlowers\u201d, cui seguiranno, alle 11, la conferenza sul microcosmo vegetale delle nostre citt\u00e0, alle 16 la narrazione della storia del fico e, alle 17, la conferenza \u201cMeraviglie segrete\u201d.<\/p>\n<p>Per domenica 7, giornata conclusiva, \u00e8 previsto un nuovo open day per il Palazzo fresco di restauro,\u00a0 che ospiter\u00e0 una serie di eventi gratuiti dalle 10 alle 20.<\/p>\n<p>Ma potr\u00e0 essere semplicemente solo meta di visitatori che potranno usufruire anche del supporto di una guida (alle 12 e alle 18).<\/p>\n<p>Il programma della giornata prevede l\u2019allestimento di alcuni laboratori negli spazi del Palazzo: dalle 10 \u201cGioielli di fiori naturali\u201d, alle 16 \u201cFoglie, Petali e alambicchi &#8211; stampare i tessuti con tinture vegetali tra storia e gioco\u201d; alle 16.30 \u201cVerde come un libro\u201c. Alle 10 verr\u00e0 proiettato il docufilm \u201cUna vita fra la canapa\u201d, a cura dell\u2019Associazione La Grama, Museo della Canapa, S.Pancrazio; a seguire \u201cIl giardino e il s\u00e9 femminile\u201d, narrazione di Sabine Eck. Alle ore 11 e alle 17 gli allievi dell\u2019Istituto Superiore di Studi Musicali G.Verdi,<b> <\/b>Ravenna si esibiranno in concerto.<\/p>\n<p>Altri appuntamenti pubblici e gratuiti, collaterali all\u2019esposizione, si svolgeranno nell\u2019Anfiteatro della Banca Popolare di Ravenna (via Guerrini) e nell\u2019orto botanico della piazzetta retrostante dove domenica gli allievi dell\u2019istituto agrario \u201cPerdisa\u201d guideranno gli interessati (alle 10 e alle 15.30); mostre e installazioni saranno allestite alla Casa Oriani (ingresso piazza S.Francesco) e nei giardini pensili del Palazzo della Provincia.<\/p>\n<p><b><a href=\"http:\/\/gt.consorziofia.it\/\" target=\"_blank\">www.consorziofia.it\/gt<\/a>\u00a0 ( 051863192)<\/b><\/p>\n<div class=\"7863122cad8776726ec303240ed69aa5\" data-index=\"4\" style=\"float: none; margin:10px 0 10px 0; text-align:center;\">\n<script async src=\"\/\/pagead2.googlesyndication.com\/pagead\/js\/adsbygoogle.js\"><\/script>\r\n<!-- 728x90, creato 23\/02\/11 -->\r\n<ins class=\"adsbygoogle\"\r\n     style=\"display:inline-block;width:728px;height:90px\"\r\n     data-ad-client=\"ca-pub-5798583071070083\"\r\n     data-ad-slot=\"5935394872\"><\/ins>\r\n<script>\r\n(adsbygoogle = window.adsbygoogle || []).push({});\r\n<\/script>\n<\/div>\n\n<div style=\"font-size: 0px; height: 0px; line-height: 0px; margin: 0; padding: 0; clear: both;\"><\/div>","protected":false},"excerpt":{"rendered":"<p>Tanti appuntamenti collaterali tra arte, cultura e botamica. Domenica nuovo &#8220;Open Day&#8221; a Palazzo Rasponi Ritorna dal 5 al 7 settembre 2014 nelle principali piazze del centro storico di Ravenna la manifestazione \u201cGiardini e terrazzi\u201d che si aprir\u00e0 venerd\u00ec prossimo alle 12 alla presenza delle autorit\u00e0. Con oltre 70 espositori \u201cglocal\u201d del territorio, nazionali e [&hellip;]<\/p>\n","protected":false},"author":1,"featured_media":29525,"comment_status":"closed","ping_status":"open","sticky":false,"template":"","format":"standard","meta":{"ngg_post_thumbnail":0,"jnews-multi-image_gallery":[],"jnews_single_post":[],"jnews_primary_category":[],"jnews_override_counter":[],"footnotes":""},"categories":[621],"tags":[],"class_list":["post-29524","post","type-post","status-publish","format-standard","has-post-thumbnail","hentry","category-info-turismo"],"yoast_head":"<!-- This site is optimized with the Yoast SEO plugin v27.4 - https:\/\/yoast.com\/product\/yoast-seo-wordpress\/ -->\n<title>Nel cuore di Ravenna weekend verde con &#039;Giardini e Terrazzi&#039; - TI - Turismo Itinerante<\/title>\n<meta name=\"robots\" content=\"index, follow, max-snippet:-1, max-image-preview:large, max-video-preview:-1\" \/>\n<link rel=\"canonical\" href=\"https:\/\/www.turismoitinerante.com\/site\/nel-cuore-di-ravenna-weekend-verde-con-giardini-e-terrazzi\/\" \/>\n<meta property=\"og:locale\" content=\"it_IT\" \/>\n<meta property=\"og:type\" content=\"article\" \/>\n<meta property=\"og:title\" content=\"Nel cuore di Ravenna weekend verde con &#039;Giardini e Terrazzi&#039; - TI - Turismo Itinerante\" \/>\n<meta property=\"og:description\" content=\"Tanti appuntamenti collaterali tra arte, cultura e botamica. Domenica nuovo &#8220;Open Day&#8221; a Palazzo Rasponi Ritorna dal 5 al 7 settembre 2014 nelle principali piazze del centro storico di Ravenna la manifestazione \u201cGiardini e terrazzi\u201d che si aprir\u00e0 venerd\u00ec prossimo alle 12 alla presenza delle autorit\u00e0. Con oltre 70 espositori \u201cglocal\u201d del territorio, nazionali e [&hellip;]\" \/>\n<meta property=\"og:url\" content=\"https:\/\/www.turismoitinerante.com\/site\/nel-cuore-di-ravenna-weekend-verde-con-giardini-e-terrazzi\/\" \/>\n<meta property=\"og:site_name\" content=\"TI - Turismo Itinerante\" \/>\n<meta property=\"article:published_time\" content=\"2014-09-02T14:19:18+00:00\" \/>\n<meta property=\"og:image\" content=\"https:\/\/www.turismoitinerante.com\/site\/wp-content\/uploads\/2014\/09\/DSCN2305.jpg\" \/>\n\t<meta property=\"og:image:width\" content=\"650\" \/>\n\t<meta property=\"og:image:height\" content=\"866\" \/>\n\t<meta property=\"og:image:type\" content=\"image\/jpeg\" \/>\n<meta name=\"author\" content=\"admin\" \/>\n<meta name=\"twitter:card\" content=\"summary_large_image\" \/>\n<meta name=\"twitter:label1\" content=\"Scritto da\" \/>\n\t<meta name=\"twitter:data1\" content=\"admin\" \/>\n\t<meta name=\"twitter:label2\" content=\"Tempo di lettura stimato\" \/>\n\t<meta name=\"twitter:data2\" content=\"4 minuti\" \/>\n<script type=\"application\/ld+json\" class=\"yoast-schema-graph\">{\"@context\":\"https:\\\/\\\/schema.org\",\"@graph\":[{\"@type\":\"Article\",\"@id\":\"https:\\\/\\\/www.turismoitinerante.com\\\/site\\\/nel-cuore-di-ravenna-weekend-verde-con-giardini-e-terrazzi\\\/#article\",\"isPartOf\":{\"@id\":\"https:\\\/\\\/www.turismoitinerante.com\\\/site\\\/nel-cuore-di-ravenna-weekend-verde-con-giardini-e-terrazzi\\\/\"},\"author\":{\"name\":\"admin\",\"@id\":\"https:\\\/\\\/www.turismoitinerante.com\\\/site\\\/#\\\/schema\\\/person\\\/1e1238d2d1617438f3682e54bf4d6c05\"},\"headline\":\"Nel cuore di Ravenna weekend verde con &#8216;Giardini e Terrazzi&#8217;\",\"datePublished\":\"2014-09-02T14:19:18+00:00\",\"mainEntityOfPage\":{\"@id\":\"https:\\\/\\\/www.turismoitinerante.com\\\/site\\\/nel-cuore-di-ravenna-weekend-verde-con-giardini-e-terrazzi\\\/\"},\"wordCount\":787,\"image\":{\"@id\":\"https:\\\/\\\/www.turismoitinerante.com\\\/site\\\/nel-cuore-di-ravenna-weekend-verde-con-giardini-e-terrazzi\\\/#primaryimage\"},\"thumbnailUrl\":\"https:\\\/\\\/www.turismoitinerante.com\\\/site\\\/wp-content\\\/uploads\\\/2014\\\/09\\\/DSCN2305.jpg\",\"articleSection\":[\"Turismo\"],\"inLanguage\":\"it-IT\"},{\"@type\":\"WebPage\",\"@id\":\"https:\\\/\\\/www.turismoitinerante.com\\\/site\\\/nel-cuore-di-ravenna-weekend-verde-con-giardini-e-terrazzi\\\/\",\"url\":\"https:\\\/\\\/www.turismoitinerante.com\\\/site\\\/nel-cuore-di-ravenna-weekend-verde-con-giardini-e-terrazzi\\\/\",\"name\":\"Nel cuore di Ravenna weekend verde con 'Giardini e Terrazzi' - TI - Turismo Itinerante\",\"isPartOf\":{\"@id\":\"https:\\\/\\\/www.turismoitinerante.com\\\/site\\\/#website\"},\"primaryImageOfPage\":{\"@id\":\"https:\\\/\\\/www.turismoitinerante.com\\\/site\\\/nel-cuore-di-ravenna-weekend-verde-con-giardini-e-terrazzi\\\/#primaryimage\"},\"image\":{\"@id\":\"https:\\\/\\\/www.turismoitinerante.com\\\/site\\\/nel-cuore-di-ravenna-weekend-verde-con-giardini-e-terrazzi\\\/#primaryimage\"},\"thumbnailUrl\":\"https:\\\/\\\/www.turismoitinerante.com\\\/site\\\/wp-content\\\/uploads\\\/2014\\\/09\\\/DSCN2305.jpg\",\"datePublished\":\"2014-09-02T14:19:18+00:00\",\"author\":{\"@id\":\"https:\\\/\\\/www.turismoitinerante.com\\\/site\\\/#\\\/schema\\\/person\\\/1e1238d2d1617438f3682e54bf4d6c05\"},\"breadcrumb\":{\"@id\":\"https:\\\/\\\/www.turismoitinerante.com\\\/site\\\/nel-cuore-di-ravenna-weekend-verde-con-giardini-e-terrazzi\\\/#breadcrumb\"},\"inLanguage\":\"it-IT\",\"potentialAction\":[{\"@type\":\"ReadAction\",\"target\":[\"https:\\\/\\\/www.turismoitinerante.com\\\/site\\\/nel-cuore-di-ravenna-weekend-verde-con-giardini-e-terrazzi\\\/\"]}]},{\"@type\":\"ImageObject\",\"inLanguage\":\"it-IT\",\"@id\":\"https:\\\/\\\/www.turismoitinerante.com\\\/site\\\/nel-cuore-di-ravenna-weekend-verde-con-giardini-e-terrazzi\\\/#primaryimage\",\"url\":\"https:\\\/\\\/www.turismoitinerante.com\\\/site\\\/wp-content\\\/uploads\\\/2014\\\/09\\\/DSCN2305.jpg\",\"contentUrl\":\"https:\\\/\\\/www.turismoitinerante.com\\\/site\\\/wp-content\\\/uploads\\\/2014\\\/09\\\/DSCN2305.jpg\",\"width\":650,\"height\":866},{\"@type\":\"BreadcrumbList\",\"@id\":\"https:\\\/\\\/www.turismoitinerante.com\\\/site\\\/nel-cuore-di-ravenna-weekend-verde-con-giardini-e-terrazzi\\\/#breadcrumb\",\"itemListElement\":[{\"@type\":\"ListItem\",\"position\":1,\"name\":\"Home\",\"item\":\"https:\\\/\\\/www.turismoitinerante.com\\\/site\\\/\"},{\"@type\":\"ListItem\",\"position\":2,\"name\":\"Nel cuore di Ravenna weekend verde con &#8216;Giardini e Terrazzi&#8217;\"}]},{\"@type\":\"WebSite\",\"@id\":\"https:\\\/\\\/www.turismoitinerante.com\\\/site\\\/#website\",\"url\":\"https:\\\/\\\/www.turismoitinerante.com\\\/site\\\/\",\"name\":\"TI - Turismo Itinerante\",\"description\":\"Ritrovarsi su internet per informarsi, per informare. Il portale del turismo itinerante. Una infinit\u00e0 di notizie su camper, itinerari, aree sosta camper, concessionari, campeggi, agriturismo, raduni, sagre, fiere, mostre, associazioni, club, forum, bacheca annunci\",\"potentialAction\":[{\"@type\":\"SearchAction\",\"target\":{\"@type\":\"EntryPoint\",\"urlTemplate\":\"https:\\\/\\\/www.turismoitinerante.com\\\/site\\\/?s={search_term_string}\"},\"query-input\":{\"@type\":\"PropertyValueSpecification\",\"valueRequired\":true,\"valueName\":\"search_term_string\"}}],\"inLanguage\":\"it-IT\"},{\"@type\":\"Person\",\"@id\":\"https:\\\/\\\/www.turismoitinerante.com\\\/site\\\/#\\\/schema\\\/person\\\/1e1238d2d1617438f3682e54bf4d6c05\",\"name\":\"admin\",\"image\":{\"@type\":\"ImageObject\",\"inLanguage\":\"it-IT\",\"@id\":\"https:\\\/\\\/secure.gravatar.com\\\/avatar\\\/9102d8c23b35e2809b07ebc42ce126daa3d6a47cce9878a22d14d9852ade629e?s=96&d=mm&r=g\",\"url\":\"https:\\\/\\\/secure.gravatar.com\\\/avatar\\\/9102d8c23b35e2809b07ebc42ce126daa3d6a47cce9878a22d14d9852ade629e?s=96&d=mm&r=g\",\"contentUrl\":\"https:\\\/\\\/secure.gravatar.com\\\/avatar\\\/9102d8c23b35e2809b07ebc42ce126daa3d6a47cce9878a22d14d9852ade629e?s=96&d=mm&r=g\",\"caption\":\"admin\"},\"url\":\"https:\\\/\\\/www.turismoitinerante.com\\\/site\\\/author\\\/admin\\\/\"}]}<\/script>\n<!-- \/ Yoast SEO plugin. -->","yoast_head_json":{"title":"Nel cuore di Ravenna weekend verde con 'Giardini e Terrazzi' - TI - Turismo Itinerante","robots":{"index":"index","follow":"follow","max-snippet":"max-snippet:-1","max-image-preview":"max-image-preview:large","max-video-preview":"max-video-preview:-1"},"canonical":"https:\/\/www.turismoitinerante.com\/site\/nel-cuore-di-ravenna-weekend-verde-con-giardini-e-terrazzi\/","og_locale":"it_IT","og_type":"article","og_title":"Nel cuore di Ravenna weekend verde con 'Giardini e Terrazzi' - TI - Turismo Itinerante","og_description":"Tanti appuntamenti collaterali tra arte, cultura e botamica. Domenica nuovo &#8220;Open Day&#8221; a Palazzo Rasponi Ritorna dal 5 al 7 settembre 2014 nelle principali piazze del centro storico di Ravenna la manifestazione \u201cGiardini e terrazzi\u201d che si aprir\u00e0 venerd\u00ec prossimo alle 12 alla presenza delle autorit\u00e0. Con oltre 70 espositori \u201cglocal\u201d del territorio, nazionali e [&hellip;]","og_url":"https:\/\/www.turismoitinerante.com\/site\/nel-cuore-di-ravenna-weekend-verde-con-giardini-e-terrazzi\/","og_site_name":"TI - Turismo Itinerante","article_published_time":"2014-09-02T14:19:18+00:00","og_image":[{"width":650,"height":866,"url":"https:\/\/www.turismoitinerante.com\/site\/wp-content\/uploads\/2014\/09\/DSCN2305.jpg","type":"image\/jpeg"}],"author":"admin","twitter_card":"summary_large_image","twitter_misc":{"Scritto da":"admin","Tempo di lettura stimato":"4 minuti"},"schema":{"@context":"https:\/\/schema.org","@graph":[{"@type":"Article","@id":"https:\/\/www.turismoitinerante.com\/site\/nel-cuore-di-ravenna-weekend-verde-con-giardini-e-terrazzi\/#article","isPartOf":{"@id":"https:\/\/www.turismoitinerante.com\/site\/nel-cuore-di-ravenna-weekend-verde-con-giardini-e-terrazzi\/"},"author":{"name":"admin","@id":"https:\/\/www.turismoitinerante.com\/site\/#\/schema\/person\/1e1238d2d1617438f3682e54bf4d6c05"},"headline":"Nel cuore di Ravenna weekend verde con &#8216;Giardini e Terrazzi&#8217;","datePublished":"2014-09-02T14:19:18+00:00","mainEntityOfPage":{"@id":"https:\/\/www.turismoitinerante.com\/site\/nel-cuore-di-ravenna-weekend-verde-con-giardini-e-terrazzi\/"},"wordCount":787,"image":{"@id":"https:\/\/www.turismoitinerante.com\/site\/nel-cuore-di-ravenna-weekend-verde-con-giardini-e-terrazzi\/#primaryimage"},"thumbnailUrl":"https:\/\/www.turismoitinerante.com\/site\/wp-content\/uploads\/2014\/09\/DSCN2305.jpg","articleSection":["Turismo"],"inLanguage":"it-IT"},{"@type":"WebPage","@id":"https:\/\/www.turismoitinerante.com\/site\/nel-cuore-di-ravenna-weekend-verde-con-giardini-e-terrazzi\/","url":"https:\/\/www.turismoitinerante.com\/site\/nel-cuore-di-ravenna-weekend-verde-con-giardini-e-terrazzi\/","name":"Nel cuore di Ravenna weekend verde con 'Giardini e Terrazzi' - TI - Turismo Itinerante","isPartOf":{"@id":"https:\/\/www.turismoitinerante.com\/site\/#website"},"primaryImageOfPage":{"@id":"https:\/\/www.turismoitinerante.com\/site\/nel-cuore-di-ravenna-weekend-verde-con-giardini-e-terrazzi\/#primaryimage"},"image":{"@id":"https:\/\/www.turismoitinerante.com\/site\/nel-cuore-di-ravenna-weekend-verde-con-giardini-e-terrazzi\/#primaryimage"},"thumbnailUrl":"https:\/\/www.turismoitinerante.com\/site\/wp-content\/uploads\/2014\/09\/DSCN2305.jpg","datePublished":"2014-09-02T14:19:18+00:00","author":{"@id":"https:\/\/www.turismoitinerante.com\/site\/#\/schema\/person\/1e1238d2d1617438f3682e54bf4d6c05"},"breadcrumb":{"@id":"https:\/\/www.turismoitinerante.com\/site\/nel-cuore-di-ravenna-weekend-verde-con-giardini-e-terrazzi\/#breadcrumb"},"inLanguage":"it-IT","potentialAction":[{"@type":"ReadAction","target":["https:\/\/www.turismoitinerante.com\/site\/nel-cuore-di-ravenna-weekend-verde-con-giardini-e-terrazzi\/"]}]},{"@type":"ImageObject","inLanguage":"it-IT","@id":"https:\/\/www.turismoitinerante.com\/site\/nel-cuore-di-ravenna-weekend-verde-con-giardini-e-terrazzi\/#primaryimage","url":"https:\/\/www.turismoitinerante.com\/site\/wp-content\/uploads\/2014\/09\/DSCN2305.jpg","contentUrl":"https:\/\/www.turismoitinerante.com\/site\/wp-content\/uploads\/2014\/09\/DSCN2305.jpg","width":650,"height":866},{"@type":"BreadcrumbList","@id":"https:\/\/www.turismoitinerante.com\/site\/nel-cuore-di-ravenna-weekend-verde-con-giardini-e-terrazzi\/#breadcrumb","itemListElement":[{"@type":"ListItem","position":1,"name":"Home","item":"https:\/\/www.turismoitinerante.com\/site\/"},{"@type":"ListItem","position":2,"name":"Nel cuore di Ravenna weekend verde con &#8216;Giardini e Terrazzi&#8217;"}]},{"@type":"WebSite","@id":"https:\/\/www.turismoitinerante.com\/site\/#website","url":"https:\/\/www.turismoitinerante.com\/site\/","name":"TI - Turismo Itinerante","description":"Ritrovarsi su internet per informarsi, per informare. Il portale del turismo itinerante. Una infinit\u00e0 di notizie su camper, itinerari, aree sosta camper, concessionari, campeggi, agriturismo, raduni, sagre, fiere, mostre, associazioni, club, forum, bacheca annunci","potentialAction":[{"@type":"SearchAction","target":{"@type":"EntryPoint","urlTemplate":"https:\/\/www.turismoitinerante.com\/site\/?s={search_term_string}"},"query-input":{"@type":"PropertyValueSpecification","valueRequired":true,"valueName":"search_term_string"}}],"inLanguage":"it-IT"},{"@type":"Person","@id":"https:\/\/www.turismoitinerante.com\/site\/#\/schema\/person\/1e1238d2d1617438f3682e54bf4d6c05","name":"admin","image":{"@type":"ImageObject","inLanguage":"it-IT","@id":"https:\/\/secure.gravatar.com\/avatar\/9102d8c23b35e2809b07ebc42ce126daa3d6a47cce9878a22d14d9852ade629e?s=96&d=mm&r=g","url":"https:\/\/secure.gravatar.com\/avatar\/9102d8c23b35e2809b07ebc42ce126daa3d6a47cce9878a22d14d9852ade629e?s=96&d=mm&r=g","contentUrl":"https:\/\/secure.gravatar.com\/avatar\/9102d8c23b35e2809b07ebc42ce126daa3d6a47cce9878a22d14d9852ade629e?s=96&d=mm&r=g","caption":"admin"},"url":"https:\/\/www.turismoitinerante.com\/site\/author\/admin\/"}]}},"_links":{"self":[{"href":"https:\/\/www.turismoitinerante.com\/site\/wp-json\/wp\/v2\/posts\/29524","targetHints":{"allow":["GET"]}}],"collection":[{"href":"https:\/\/www.turismoitinerante.com\/site\/wp-json\/wp\/v2\/posts"}],"about":[{"href":"https:\/\/www.turismoitinerante.com\/site\/wp-json\/wp\/v2\/types\/post"}],"author":[{"embeddable":true,"href":"https:\/\/www.turismoitinerante.com\/site\/wp-json\/wp\/v2\/users\/1"}],"replies":[{"embeddable":true,"href":"https:\/\/www.turismoitinerante.com\/site\/wp-json\/wp\/v2\/comments?post=29524"}],"version-history":[{"count":1,"href":"https:\/\/www.turismoitinerante.com\/site\/wp-json\/wp\/v2\/posts\/29524\/revisions"}],"predecessor-version":[{"id":29527,"href":"https:\/\/www.turismoitinerante.com\/site\/wp-json\/wp\/v2\/posts\/29524\/revisions\/29527"}],"wp:featuredmedia":[{"embeddable":true,"href":"https:\/\/www.turismoitinerante.com\/site\/wp-json\/wp\/v2\/media\/29525"}],"wp:attachment":[{"href":"https:\/\/www.turismoitinerante.com\/site\/wp-json\/wp\/v2\/media?parent=29524"}],"wp:term":[{"taxonomy":"category","embeddable":true,"href":"https:\/\/www.turismoitinerante.com\/site\/wp-json\/wp\/v2\/categories?post=29524"},{"taxonomy":"post_tag","embeddable":true,"href":"https:\/\/www.turismoitinerante.com\/site\/wp-json\/wp\/v2\/tags?post=29524"}],"curies":[{"name":"wp","href":"https:\/\/api.w.org\/{rel}","templated":true}]}}