{"id":28343,"date":"2014-05-18T11:47:31","date_gmt":"2014-05-18T10:47:31","guid":{"rendered":"http:\/\/www.turismoitinerante.com\/site\/?p=28343"},"modified":"2014-05-19T11:47:45","modified_gmt":"2014-05-19T10:47:45","slug":"4-festiva-dei-gufi-nel-parco-del-castello-e-nel-borgo-di-grazzano-visconti","status":"publish","type":"post","link":"https:\/\/www.turismoitinerante.com\/site\/4-festiva-dei-gufi-nel-parco-del-castello-e-nel-borgo-di-grazzano-visconti\/","title":{"rendered":"4\u00b0 Festiva dei Gufi nel Parco del Castello e nel Borgo di Grazzano Visconti"},"content":{"rendered":"<p>A Grazzano Visconti avr\u00e0 luogo, nei tre giorni del ponte di giugno 2014, la quarta edizione di quella che pu\u00f2 essere considerata la pi\u00f9 importante manifestazione al mondo dedicata ai rapaci notturni e la manifestazione di Natura pi\u00f9 estesa d\u2019Italia.<\/p>\n<p>L\u2019evento durer\u00e0 dal mattino alle 10:00 alla sera 23:00, tranne il luned\u00ec 2 giugno che terminer\u00e0 alle ore 19:00 e si svolger\u00e0 sia nella prestigiosa cornice del Parco del Castello, sia nel Borgo di Grazzano Visconti: circa 30 ettari dedicati al mondo dei gufi!<\/p>\n<p><a href=\"http:\/\/www.turismoitinerante.com\/site\/wp-content\/uploads\/2014\/05\/festival-gufi-Grazzano-Visconti.jpg\"><img decoding=\"async\" class=\"aligncenter size-full wp-image-28344\" alt=\"festival-gufi-Grazzano-Visconti\" src=\"http:\/\/www.turismoitinerante.com\/site\/wp-content\/uploads\/2014\/05\/festival-gufi-Grazzano-Visconti.jpg\" width=\"650\" height=\"465\" srcset=\"https:\/\/www.turismoitinerante.com\/site\/wp-content\/uploads\/2014\/05\/festival-gufi-Grazzano-Visconti.jpg 650w, https:\/\/www.turismoitinerante.com\/site\/wp-content\/uploads\/2014\/05\/festival-gufi-Grazzano-Visconti-300x214.jpg 300w, https:\/\/www.turismoitinerante.com\/site\/wp-content\/uploads\/2014\/05\/festival-gufi-Grazzano-Visconti-400x286.jpg 400w\" sizes=\"(max-width: 650px) 100vw, 650px\" \/><\/a><\/p>\n<p>Il Festival sar\u00e0 un momento unico e irripetibile, per un pubblico di collezionisti, appassionati di natura, di arte, cultura e divertimento. Svariate le aree tematiche: pittura, scultura, fotografia, musica, artigianato italiano, libri, Gufolandia per i bimbi, didattica, gastronomia, convegni e tavole rotonde, tutto rigorosamente a tema Gufo.<\/p>\n<p>Interverranno ospiti illustri da tutto il mondo, tra cui l\u2019americana Karla Bloem, ideatrice del Festival of Owls negli Usa e Francesco Petretti, famoso naturalista di Geo&amp;Geo-Rai3.<br \/>\nSaranno presentate in anteprima mondiale le mostre fotografiche sponsorizzate da Canon intitolate\u00a0\u201cStrigiformes\u201d realizzata da Noctua e \u201cIl Gufo delle Nevi\u201d con le spettacolari foto di Fabrizio Moglia.<\/p>\n<p>All\u2019interno della manifestazione si svolger\u00e0 un concorso internazionale di Body Art, pittura dal vivo sul corpo, rigorosamente a tema gufo, con l\u2019intervento in giuria del campione del mondo di Body Art.<br \/>\nSar\u00e0 possibile anche osservare alcuni esemplari di gufi dal vivo, posizionati in voliere allestite all\u2019interno del Parco del Castello. Si tratta di animali che, per vari motivi, non possono pi\u00f9 vivere liberi e lo scopo sar\u00e0, in via del tutto eccezionale, unicamente didattico e divulgativo.<br \/>\nL\u2019obbiettivo principale del festival \u00e8 quello di far conoscere e divulgare la salvaguardia della natura selvatica di queste specie protette, che devono vivere libere nel loro habitat e mai in cattivit\u00e0.<br \/>\nQuesta sar\u00e0 un\u2019occasione unica per vedere alcuni splendidi esemplari di gufo dal vivo!<\/p>\n<p>L\u2019evento \u00e8 organizzato da Noctua srl (<a href=\"http:\/\/www.noctua.it\/\" target=\"_blank\">www.noctua.it<\/a>) e Gruppo Italiano Civette (<a href=\"http:\/\/www.gruppoitalianocivette.it\/\" target=\"_blank\">www.gruppoitalianocivette.it<\/a>).<br \/>\nSito web Festival dei Gufi \u2122\u00a0<a href=\"http:\/\/www.festivaldeigufi.it\/\" target=\"_blank\">www.festivaldeigufi.it<\/a>.<\/p>\n<p>sito web:\u00a0<a href=\"http:\/\/www.festivaldeigufi.it\/\" target=\"_blank\">www.festivaldeigufi.it<\/a><br \/>\nfacebook:\u00a0<a href=\"http:\/\/www.facebook.com\/festivaldeigufi\" target=\"_blank\">www.facebook.com\/festivaldeigufi<\/a><br \/>\ntwitter: twitter.com\/FestivaldeiGufi<br \/>\nmail:\u00a0<a href=\"mailto:festivalgufi@libero.it\">festivalgufi@libero.it<\/a><\/p>\n<div class=\"7863122cad8776726ec303240ed69aa5\" data-index=\"4\" style=\"float: none; margin:10px 0 10px 0; text-align:center;\">\n<script async src=\"\/\/pagead2.googlesyndication.com\/pagead\/js\/adsbygoogle.js\"><\/script>\r\n<!-- 728x90, creato 23\/02\/11 -->\r\n<ins class=\"adsbygoogle\"\r\n     style=\"display:inline-block;width:728px;height:90px\"\r\n     data-ad-client=\"ca-pub-5798583071070083\"\r\n     data-ad-slot=\"5935394872\"><\/ins>\r\n<script>\r\n(adsbygoogle = window.adsbygoogle || []).push({});\r\n<\/script>\n<\/div>\n\n<div style=\"font-size: 0px; height: 0px; line-height: 0px; margin: 0; padding: 0; clear: both;\"><\/div>","protected":false},"excerpt":{"rendered":"<p>A Grazzano Visconti avr\u00e0 luogo, nei tre giorni del ponte di giugno 2014, la quarta edizione di quella che pu\u00f2 essere considerata la pi\u00f9 importante manifestazione al mondo dedicata ai rapaci notturni e la manifestazione di Natura pi\u00f9 estesa d\u2019Italia. L\u2019evento durer\u00e0 dal mattino alle 10:00 alla sera 23:00, tranne il luned\u00ec 2 giugno che [&hellip;]<\/p>\n","protected":false},"author":1,"featured_media":28344,"comment_status":"closed","ping_status":"open","sticky":false,"template":"","format":"standard","meta":{"ngg_post_thumbnail":0,"jnews-multi-image_gallery":[],"jnews_single_post":[],"jnews_primary_category":[],"jnews_override_counter":[],"footnotes":""},"categories":[621],"tags":[],"class_list":["post-28343","post","type-post","status-publish","format-standard","has-post-thumbnail","hentry","category-info-turismo"],"yoast_head":"<!-- This site is optimized with the Yoast SEO plugin v27.4 - https:\/\/yoast.com\/product\/yoast-seo-wordpress\/ -->\n<title>4\u00b0 Festiva dei Gufi nel Parco del Castello e nel Borgo di Grazzano Visconti - TI - Turismo Itinerante<\/title>\n<meta name=\"robots\" content=\"index, follow, max-snippet:-1, max-image-preview:large, max-video-preview:-1\" \/>\n<link rel=\"canonical\" href=\"https:\/\/www.turismoitinerante.com\/site\/4-festiva-dei-gufi-nel-parco-del-castello-e-nel-borgo-di-grazzano-visconti\/\" \/>\n<meta property=\"og:locale\" content=\"it_IT\" \/>\n<meta property=\"og:type\" content=\"article\" \/>\n<meta property=\"og:title\" content=\"4\u00b0 Festiva dei Gufi nel Parco del Castello e nel Borgo di Grazzano Visconti - TI - Turismo Itinerante\" \/>\n<meta property=\"og:description\" content=\"A Grazzano Visconti avr\u00e0 luogo, nei tre giorni del ponte di giugno 2014, la quarta edizione di quella che pu\u00f2 essere considerata la pi\u00f9 importante manifestazione al mondo dedicata ai rapaci notturni e la manifestazione di Natura pi\u00f9 estesa d\u2019Italia. L\u2019evento durer\u00e0 dal mattino alle 10:00 alla sera 23:00, tranne il luned\u00ec 2 giugno che [&hellip;]\" \/>\n<meta property=\"og:url\" content=\"https:\/\/www.turismoitinerante.com\/site\/4-festiva-dei-gufi-nel-parco-del-castello-e-nel-borgo-di-grazzano-visconti\/\" \/>\n<meta property=\"og:site_name\" content=\"TI - Turismo Itinerante\" \/>\n<meta property=\"article:published_time\" content=\"2014-05-18T10:47:31+00:00\" \/>\n<meta property=\"article:modified_time\" content=\"2014-05-19T10:47:45+00:00\" \/>\n<meta property=\"og:image\" content=\"https:\/\/www.turismoitinerante.com\/site\/wp-content\/uploads\/2014\/05\/festival-gufi-Grazzano-Visconti.jpg\" \/>\n\t<meta property=\"og:image:width\" content=\"650\" \/>\n\t<meta property=\"og:image:height\" content=\"465\" \/>\n\t<meta property=\"og:image:type\" content=\"image\/jpeg\" \/>\n<meta name=\"author\" content=\"admin\" \/>\n<meta name=\"twitter:card\" content=\"summary_large_image\" \/>\n<meta name=\"twitter:label1\" content=\"Scritto da\" \/>\n\t<meta name=\"twitter:data1\" content=\"admin\" \/>\n\t<meta name=\"twitter:label2\" content=\"Tempo di lettura stimato\" \/>\n\t<meta name=\"twitter:data2\" content=\"2 minuti\" \/>\n<script type=\"application\/ld+json\" class=\"yoast-schema-graph\">{\"@context\":\"https:\\\/\\\/schema.org\",\"@graph\":[{\"@type\":\"Article\",\"@id\":\"https:\\\/\\\/www.turismoitinerante.com\\\/site\\\/4-festiva-dei-gufi-nel-parco-del-castello-e-nel-borgo-di-grazzano-visconti\\\/#article\",\"isPartOf\":{\"@id\":\"https:\\\/\\\/www.turismoitinerante.com\\\/site\\\/4-festiva-dei-gufi-nel-parco-del-castello-e-nel-borgo-di-grazzano-visconti\\\/\"},\"author\":{\"name\":\"admin\",\"@id\":\"https:\\\/\\\/www.turismoitinerante.com\\\/site\\\/#\\\/schema\\\/person\\\/1e1238d2d1617438f3682e54bf4d6c05\"},\"headline\":\"4\u00b0 Festiva dei Gufi nel Parco del Castello e nel Borgo di Grazzano Visconti\",\"datePublished\":\"2014-05-18T10:47:31+00:00\",\"dateModified\":\"2014-05-19T10:47:45+00:00\",\"mainEntityOfPage\":{\"@id\":\"https:\\\/\\\/www.turismoitinerante.com\\\/site\\\/4-festiva-dei-gufi-nel-parco-del-castello-e-nel-borgo-di-grazzano-visconti\\\/\"},\"wordCount\":363,\"image\":{\"@id\":\"https:\\\/\\\/www.turismoitinerante.com\\\/site\\\/4-festiva-dei-gufi-nel-parco-del-castello-e-nel-borgo-di-grazzano-visconti\\\/#primaryimage\"},\"thumbnailUrl\":\"https:\\\/\\\/www.turismoitinerante.com\\\/site\\\/wp-content\\\/uploads\\\/2014\\\/05\\\/festival-gufi-Grazzano-Visconti.jpg\",\"articleSection\":[\"Turismo\"],\"inLanguage\":\"it-IT\"},{\"@type\":\"WebPage\",\"@id\":\"https:\\\/\\\/www.turismoitinerante.com\\\/site\\\/4-festiva-dei-gufi-nel-parco-del-castello-e-nel-borgo-di-grazzano-visconti\\\/\",\"url\":\"https:\\\/\\\/www.turismoitinerante.com\\\/site\\\/4-festiva-dei-gufi-nel-parco-del-castello-e-nel-borgo-di-grazzano-visconti\\\/\",\"name\":\"4\u00b0 Festiva dei Gufi nel Parco del Castello e nel Borgo di Grazzano Visconti - TI - Turismo Itinerante\",\"isPartOf\":{\"@id\":\"https:\\\/\\\/www.turismoitinerante.com\\\/site\\\/#website\"},\"primaryImageOfPage\":{\"@id\":\"https:\\\/\\\/www.turismoitinerante.com\\\/site\\\/4-festiva-dei-gufi-nel-parco-del-castello-e-nel-borgo-di-grazzano-visconti\\\/#primaryimage\"},\"image\":{\"@id\":\"https:\\\/\\\/www.turismoitinerante.com\\\/site\\\/4-festiva-dei-gufi-nel-parco-del-castello-e-nel-borgo-di-grazzano-visconti\\\/#primaryimage\"},\"thumbnailUrl\":\"https:\\\/\\\/www.turismoitinerante.com\\\/site\\\/wp-content\\\/uploads\\\/2014\\\/05\\\/festival-gufi-Grazzano-Visconti.jpg\",\"datePublished\":\"2014-05-18T10:47:31+00:00\",\"dateModified\":\"2014-05-19T10:47:45+00:00\",\"author\":{\"@id\":\"https:\\\/\\\/www.turismoitinerante.com\\\/site\\\/#\\\/schema\\\/person\\\/1e1238d2d1617438f3682e54bf4d6c05\"},\"breadcrumb\":{\"@id\":\"https:\\\/\\\/www.turismoitinerante.com\\\/site\\\/4-festiva-dei-gufi-nel-parco-del-castello-e-nel-borgo-di-grazzano-visconti\\\/#breadcrumb\"},\"inLanguage\":\"it-IT\",\"potentialAction\":[{\"@type\":\"ReadAction\",\"target\":[\"https:\\\/\\\/www.turismoitinerante.com\\\/site\\\/4-festiva-dei-gufi-nel-parco-del-castello-e-nel-borgo-di-grazzano-visconti\\\/\"]}]},{\"@type\":\"ImageObject\",\"inLanguage\":\"it-IT\",\"@id\":\"https:\\\/\\\/www.turismoitinerante.com\\\/site\\\/4-festiva-dei-gufi-nel-parco-del-castello-e-nel-borgo-di-grazzano-visconti\\\/#primaryimage\",\"url\":\"https:\\\/\\\/www.turismoitinerante.com\\\/site\\\/wp-content\\\/uploads\\\/2014\\\/05\\\/festival-gufi-Grazzano-Visconti.jpg\",\"contentUrl\":\"https:\\\/\\\/www.turismoitinerante.com\\\/site\\\/wp-content\\\/uploads\\\/2014\\\/05\\\/festival-gufi-Grazzano-Visconti.jpg\",\"width\":650,\"height\":465},{\"@type\":\"BreadcrumbList\",\"@id\":\"https:\\\/\\\/www.turismoitinerante.com\\\/site\\\/4-festiva-dei-gufi-nel-parco-del-castello-e-nel-borgo-di-grazzano-visconti\\\/#breadcrumb\",\"itemListElement\":[{\"@type\":\"ListItem\",\"position\":1,\"name\":\"Home\",\"item\":\"https:\\\/\\\/www.turismoitinerante.com\\\/site\\\/\"},{\"@type\":\"ListItem\",\"position\":2,\"name\":\"4\u00b0 Festiva dei Gufi nel Parco del Castello e nel Borgo di Grazzano Visconti\"}]},{\"@type\":\"WebSite\",\"@id\":\"https:\\\/\\\/www.turismoitinerante.com\\\/site\\\/#website\",\"url\":\"https:\\\/\\\/www.turismoitinerante.com\\\/site\\\/\",\"name\":\"TI - Turismo Itinerante\",\"description\":\"Ritrovarsi su internet per informarsi, per informare. Il portale del turismo itinerante. Una infinit\u00e0 di notizie su camper, itinerari, aree sosta camper, concessionari, campeggi, agriturismo, raduni, sagre, fiere, mostre, associazioni, club, forum, bacheca annunci\",\"potentialAction\":[{\"@type\":\"SearchAction\",\"target\":{\"@type\":\"EntryPoint\",\"urlTemplate\":\"https:\\\/\\\/www.turismoitinerante.com\\\/site\\\/?s={search_term_string}\"},\"query-input\":{\"@type\":\"PropertyValueSpecification\",\"valueRequired\":true,\"valueName\":\"search_term_string\"}}],\"inLanguage\":\"it-IT\"},{\"@type\":\"Person\",\"@id\":\"https:\\\/\\\/www.turismoitinerante.com\\\/site\\\/#\\\/schema\\\/person\\\/1e1238d2d1617438f3682e54bf4d6c05\",\"name\":\"admin\",\"image\":{\"@type\":\"ImageObject\",\"inLanguage\":\"it-IT\",\"@id\":\"https:\\\/\\\/secure.gravatar.com\\\/avatar\\\/9102d8c23b35e2809b07ebc42ce126daa3d6a47cce9878a22d14d9852ade629e?s=96&d=mm&r=g\",\"url\":\"https:\\\/\\\/secure.gravatar.com\\\/avatar\\\/9102d8c23b35e2809b07ebc42ce126daa3d6a47cce9878a22d14d9852ade629e?s=96&d=mm&r=g\",\"contentUrl\":\"https:\\\/\\\/secure.gravatar.com\\\/avatar\\\/9102d8c23b35e2809b07ebc42ce126daa3d6a47cce9878a22d14d9852ade629e?s=96&d=mm&r=g\",\"caption\":\"admin\"},\"url\":\"https:\\\/\\\/www.turismoitinerante.com\\\/site\\\/author\\\/admin\\\/\"}]}<\/script>\n<!-- \/ Yoast SEO plugin. -->","yoast_head_json":{"title":"4\u00b0 Festiva dei Gufi nel Parco del Castello e nel Borgo di Grazzano Visconti - TI - Turismo Itinerante","robots":{"index":"index","follow":"follow","max-snippet":"max-snippet:-1","max-image-preview":"max-image-preview:large","max-video-preview":"max-video-preview:-1"},"canonical":"https:\/\/www.turismoitinerante.com\/site\/4-festiva-dei-gufi-nel-parco-del-castello-e-nel-borgo-di-grazzano-visconti\/","og_locale":"it_IT","og_type":"article","og_title":"4\u00b0 Festiva dei Gufi nel Parco del Castello e nel Borgo di Grazzano Visconti - TI - Turismo Itinerante","og_description":"A Grazzano Visconti avr\u00e0 luogo, nei tre giorni del ponte di giugno 2014, la quarta edizione di quella che pu\u00f2 essere considerata la pi\u00f9 importante manifestazione al mondo dedicata ai rapaci notturni e la manifestazione di Natura pi\u00f9 estesa d\u2019Italia. L\u2019evento durer\u00e0 dal mattino alle 10:00 alla sera 23:00, tranne il luned\u00ec 2 giugno che [&hellip;]","og_url":"https:\/\/www.turismoitinerante.com\/site\/4-festiva-dei-gufi-nel-parco-del-castello-e-nel-borgo-di-grazzano-visconti\/","og_site_name":"TI - Turismo Itinerante","article_published_time":"2014-05-18T10:47:31+00:00","article_modified_time":"2014-05-19T10:47:45+00:00","og_image":[{"width":650,"height":465,"url":"https:\/\/www.turismoitinerante.com\/site\/wp-content\/uploads\/2014\/05\/festival-gufi-Grazzano-Visconti.jpg","type":"image\/jpeg"}],"author":"admin","twitter_card":"summary_large_image","twitter_misc":{"Scritto da":"admin","Tempo di lettura stimato":"2 minuti"},"schema":{"@context":"https:\/\/schema.org","@graph":[{"@type":"Article","@id":"https:\/\/www.turismoitinerante.com\/site\/4-festiva-dei-gufi-nel-parco-del-castello-e-nel-borgo-di-grazzano-visconti\/#article","isPartOf":{"@id":"https:\/\/www.turismoitinerante.com\/site\/4-festiva-dei-gufi-nel-parco-del-castello-e-nel-borgo-di-grazzano-visconti\/"},"author":{"name":"admin","@id":"https:\/\/www.turismoitinerante.com\/site\/#\/schema\/person\/1e1238d2d1617438f3682e54bf4d6c05"},"headline":"4\u00b0 Festiva dei Gufi nel Parco del Castello e nel Borgo di Grazzano Visconti","datePublished":"2014-05-18T10:47:31+00:00","dateModified":"2014-05-19T10:47:45+00:00","mainEntityOfPage":{"@id":"https:\/\/www.turismoitinerante.com\/site\/4-festiva-dei-gufi-nel-parco-del-castello-e-nel-borgo-di-grazzano-visconti\/"},"wordCount":363,"image":{"@id":"https:\/\/www.turismoitinerante.com\/site\/4-festiva-dei-gufi-nel-parco-del-castello-e-nel-borgo-di-grazzano-visconti\/#primaryimage"},"thumbnailUrl":"https:\/\/www.turismoitinerante.com\/site\/wp-content\/uploads\/2014\/05\/festival-gufi-Grazzano-Visconti.jpg","articleSection":["Turismo"],"inLanguage":"it-IT"},{"@type":"WebPage","@id":"https:\/\/www.turismoitinerante.com\/site\/4-festiva-dei-gufi-nel-parco-del-castello-e-nel-borgo-di-grazzano-visconti\/","url":"https:\/\/www.turismoitinerante.com\/site\/4-festiva-dei-gufi-nel-parco-del-castello-e-nel-borgo-di-grazzano-visconti\/","name":"4\u00b0 Festiva dei Gufi nel Parco del Castello e nel Borgo di Grazzano Visconti - TI - Turismo Itinerante","isPartOf":{"@id":"https:\/\/www.turismoitinerante.com\/site\/#website"},"primaryImageOfPage":{"@id":"https:\/\/www.turismoitinerante.com\/site\/4-festiva-dei-gufi-nel-parco-del-castello-e-nel-borgo-di-grazzano-visconti\/#primaryimage"},"image":{"@id":"https:\/\/www.turismoitinerante.com\/site\/4-festiva-dei-gufi-nel-parco-del-castello-e-nel-borgo-di-grazzano-visconti\/#primaryimage"},"thumbnailUrl":"https:\/\/www.turismoitinerante.com\/site\/wp-content\/uploads\/2014\/05\/festival-gufi-Grazzano-Visconti.jpg","datePublished":"2014-05-18T10:47:31+00:00","dateModified":"2014-05-19T10:47:45+00:00","author":{"@id":"https:\/\/www.turismoitinerante.com\/site\/#\/schema\/person\/1e1238d2d1617438f3682e54bf4d6c05"},"breadcrumb":{"@id":"https:\/\/www.turismoitinerante.com\/site\/4-festiva-dei-gufi-nel-parco-del-castello-e-nel-borgo-di-grazzano-visconti\/#breadcrumb"},"inLanguage":"it-IT","potentialAction":[{"@type":"ReadAction","target":["https:\/\/www.turismoitinerante.com\/site\/4-festiva-dei-gufi-nel-parco-del-castello-e-nel-borgo-di-grazzano-visconti\/"]}]},{"@type":"ImageObject","inLanguage":"it-IT","@id":"https:\/\/www.turismoitinerante.com\/site\/4-festiva-dei-gufi-nel-parco-del-castello-e-nel-borgo-di-grazzano-visconti\/#primaryimage","url":"https:\/\/www.turismoitinerante.com\/site\/wp-content\/uploads\/2014\/05\/festival-gufi-Grazzano-Visconti.jpg","contentUrl":"https:\/\/www.turismoitinerante.com\/site\/wp-content\/uploads\/2014\/05\/festival-gufi-Grazzano-Visconti.jpg","width":650,"height":465},{"@type":"BreadcrumbList","@id":"https:\/\/www.turismoitinerante.com\/site\/4-festiva-dei-gufi-nel-parco-del-castello-e-nel-borgo-di-grazzano-visconti\/#breadcrumb","itemListElement":[{"@type":"ListItem","position":1,"name":"Home","item":"https:\/\/www.turismoitinerante.com\/site\/"},{"@type":"ListItem","position":2,"name":"4\u00b0 Festiva dei Gufi nel Parco del Castello e nel Borgo di Grazzano Visconti"}]},{"@type":"WebSite","@id":"https:\/\/www.turismoitinerante.com\/site\/#website","url":"https:\/\/www.turismoitinerante.com\/site\/","name":"TI - Turismo Itinerante","description":"Ritrovarsi su internet per informarsi, per informare. Il portale del turismo itinerante. Una infinit\u00e0 di notizie su camper, itinerari, aree sosta camper, concessionari, campeggi, agriturismo, raduni, sagre, fiere, mostre, associazioni, club, forum, bacheca annunci","potentialAction":[{"@type":"SearchAction","target":{"@type":"EntryPoint","urlTemplate":"https:\/\/www.turismoitinerante.com\/site\/?s={search_term_string}"},"query-input":{"@type":"PropertyValueSpecification","valueRequired":true,"valueName":"search_term_string"}}],"inLanguage":"it-IT"},{"@type":"Person","@id":"https:\/\/www.turismoitinerante.com\/site\/#\/schema\/person\/1e1238d2d1617438f3682e54bf4d6c05","name":"admin","image":{"@type":"ImageObject","inLanguage":"it-IT","@id":"https:\/\/secure.gravatar.com\/avatar\/9102d8c23b35e2809b07ebc42ce126daa3d6a47cce9878a22d14d9852ade629e?s=96&d=mm&r=g","url":"https:\/\/secure.gravatar.com\/avatar\/9102d8c23b35e2809b07ebc42ce126daa3d6a47cce9878a22d14d9852ade629e?s=96&d=mm&r=g","contentUrl":"https:\/\/secure.gravatar.com\/avatar\/9102d8c23b35e2809b07ebc42ce126daa3d6a47cce9878a22d14d9852ade629e?s=96&d=mm&r=g","caption":"admin"},"url":"https:\/\/www.turismoitinerante.com\/site\/author\/admin\/"}]}},"_links":{"self":[{"href":"https:\/\/www.turismoitinerante.com\/site\/wp-json\/wp\/v2\/posts\/28343","targetHints":{"allow":["GET"]}}],"collection":[{"href":"https:\/\/www.turismoitinerante.com\/site\/wp-json\/wp\/v2\/posts"}],"about":[{"href":"https:\/\/www.turismoitinerante.com\/site\/wp-json\/wp\/v2\/types\/post"}],"author":[{"embeddable":true,"href":"https:\/\/www.turismoitinerante.com\/site\/wp-json\/wp\/v2\/users\/1"}],"replies":[{"embeddable":true,"href":"https:\/\/www.turismoitinerante.com\/site\/wp-json\/wp\/v2\/comments?post=28343"}],"version-history":[{"count":1,"href":"https:\/\/www.turismoitinerante.com\/site\/wp-json\/wp\/v2\/posts\/28343\/revisions"}],"predecessor-version":[{"id":28345,"href":"https:\/\/www.turismoitinerante.com\/site\/wp-json\/wp\/v2\/posts\/28343\/revisions\/28345"}],"wp:featuredmedia":[{"embeddable":true,"href":"https:\/\/www.turismoitinerante.com\/site\/wp-json\/wp\/v2\/media\/28344"}],"wp:attachment":[{"href":"https:\/\/www.turismoitinerante.com\/site\/wp-json\/wp\/v2\/media?parent=28343"}],"wp:term":[{"taxonomy":"category","embeddable":true,"href":"https:\/\/www.turismoitinerante.com\/site\/wp-json\/wp\/v2\/categories?post=28343"},{"taxonomy":"post_tag","embeddable":true,"href":"https:\/\/www.turismoitinerante.com\/site\/wp-json\/wp\/v2\/tags?post=28343"}],"curies":[{"name":"wp","href":"https:\/\/api.w.org\/{rel}","templated":true}]}}