{"id":28252,"date":"2014-05-13T14:47:17","date_gmt":"2014-05-13T13:47:17","guid":{"rendered":"http:\/\/www.turismoitinerante.com\/site\/?p=28252"},"modified":"2014-05-13T14:47:17","modified_gmt":"2014-05-13T13:47:17","slug":"gli-appuntamenti-di-ravennantica-per-sabato-17-maggio","status":"publish","type":"post","link":"https:\/\/www.turismoitinerante.com\/site\/gli-appuntamenti-di-ravennantica-per-sabato-17-maggio\/","title":{"rendered":"Gli appuntamenti di RavennAntica per sabato 17 maggio"},"content":{"rendered":"<p><strong>La Notte dei Musei, con visita visita guidata \u201cTessere di luce nella notte\u201d a Tamo e alla Domus dei Tappeti di Pietra; nuovo appuntamento di Tamo for Kids ai Giardini Pensili della Provincia.<\/strong><\/p>\n<p>Un sabato ricco di appuntamenti nei siti gestiti da RavennAntica, quello del 17 maggio.<\/p>\n<p>&nbsp;<\/p>\n<figure id=\"attachment_28254\" aria-describedby=\"caption-attachment-28254\" style=\"width: 650px\" class=\"wp-caption aligncenter\"><a href=\"http:\/\/www.turismoitinerante.com\/site\/wp-content\/uploads\/2014\/05\/museo-tamo.jpg\"><img decoding=\"async\" class=\"size-full wp-image-28254\" alt=\"visitatori al Museo Tamo\" src=\"http:\/\/www.turismoitinerante.com\/site\/wp-content\/uploads\/2014\/05\/museo-tamo.jpg\" width=\"650\" height=\"416\" srcset=\"https:\/\/www.turismoitinerante.com\/site\/wp-content\/uploads\/2014\/05\/museo-tamo.jpg 650w, https:\/\/www.turismoitinerante.com\/site\/wp-content\/uploads\/2014\/05\/museo-tamo-300x192.jpg 300w, https:\/\/www.turismoitinerante.com\/site\/wp-content\/uploads\/2014\/05\/museo-tamo-400x256.jpg 400w\" sizes=\"(max-width: 650px) 100vw, 650px\" \/><\/a><figcaption id=\"caption-attachment-28254\" class=\"wp-caption-text\">visitatori al Museo Tamo<\/figcaption><\/figure>\n<p>In occasione della Notte dei Musei, la Fondazione RavennAntica, in collaborazione con il Papavero &amp; Abaco Guide di Ravenna, ha in programma una suggestiva visita guidata a Tamo e alla Domus dei Tappeti di Pietra, dal titolo \u201cTessere di luce nella notte\u201d.<strong><\/strong><\/p>\n<p>&#8220;&#8230; Si mossero in direzione dell\u2019ala meridionale del palazzo. Attraversava cos\u00ec lo specchio cristallino dell\u2019acqua sotto il quale luccicava un antico mosaico che rappresentava la danza delle stagioni.\u201d<br \/>\nCos\u00ec Valerio Massimo Manfredi descrive in un suo romanzo la caduta dell&#8217;Impero Romano d&#8217;Occidente a Ravenna.<\/p>\n<p>Traendo spunto da queste parole, la visita verter\u00e0 sui concetti di buio e luce, evocando queste due condizioni.\u00a0Come recita un dialetto romagnolo &#8220;S&#8217;l\u00e8 not, us far\u00e0 de&#8221; (Se \u00e8 notte, si far\u00e0 giorno).<b><\/b><\/p>\n<p>Appuntamento alle ore 20.30 a TAMO, via Rondinelli 2.<\/p>\n<p>Evento a pagamento: \u20ac 8 cad.<br \/>\nPrenotazione obbligatoria entro e non oltre il 15 maggio allo 0544.213371<br \/>\nAttivazione della visita solo al raggiungimento di minimo 15 persone.<\/p>\n<p>Sempre il 17 maggio, ma alle ore 16, presso i Giardini Pensili del Palazzo della Provincia, nuovo appuntamento con la rassegna Tamo for Kids, che propone: Fogli di foglie: l\u2019erbario in giardino.<\/p>\n<p>Una passeggiata in giardino con realizzazione di un divertente erbario fra foglie, usi e qualche dato botanico. A cura di Elena Curzi. Per bimbi da 6 a 11 anni. Prenotazione obbligatoria al seguente numero: 0544 213371<\/p>\n<p>\u20ac 5,00 ingresso a bambino \u2013 \u20ac 7,00 ingresso per due bambini (fratelli o amici)<\/p>\n<p>Per i bambini iscritti all&#8217;Associazione Amici di RavennAntica junior\u00a0 \u20ac 4,00 a bimbo &#8211; Se siete 2 fratelli o amici\u00a0 iscritti all&#8217;Associazione \u20ac 6,00 per tutti e due!<\/p>\n<div class=\"7863122cad8776726ec303240ed69aa5\" data-index=\"4\" style=\"float: none; margin:10px 0 10px 0; text-align:center;\">\n<script async src=\"\/\/pagead2.googlesyndication.com\/pagead\/js\/adsbygoogle.js\"><\/script>\r\n<!-- 728x90, creato 23\/02\/11 -->\r\n<ins class=\"adsbygoogle\"\r\n     style=\"display:inline-block;width:728px;height:90px\"\r\n     data-ad-client=\"ca-pub-5798583071070083\"\r\n     data-ad-slot=\"5935394872\"><\/ins>\r\n<script>\r\n(adsbygoogle = window.adsbygoogle || []).push({});\r\n<\/script>\n<\/div>\n\n<div style=\"font-size: 0px; height: 0px; line-height: 0px; margin: 0; padding: 0; clear: both;\"><\/div>","protected":false},"excerpt":{"rendered":"<p>La Notte dei Musei, con visita visita guidata \u201cTessere di luce nella notte\u201d a Tamo e alla Domus dei Tappeti di Pietra; nuovo appuntamento di Tamo for Kids ai Giardini Pensili della Provincia. Un sabato ricco di appuntamenti nei siti gestiti da RavennAntica, quello del 17 maggio. &nbsp; In occasione della Notte dei Musei, la [&hellip;]<\/p>\n","protected":false},"author":1,"featured_media":28254,"comment_status":"closed","ping_status":"open","sticky":false,"template":"","format":"standard","meta":{"ngg_post_thumbnail":0,"jnews-multi-image_gallery":[],"jnews_single_post":[],"jnews_primary_category":[],"jnews_override_counter":[],"footnotes":""},"categories":[621],"tags":[],"class_list":["post-28252","post","type-post","status-publish","format-standard","has-post-thumbnail","hentry","category-info-turismo"],"yoast_head":"<!-- This site is optimized with the Yoast SEO plugin v27.4 - https:\/\/yoast.com\/product\/yoast-seo-wordpress\/ -->\n<title>Gli appuntamenti di RavennAntica per sabato 17 maggio - TI - Turismo Itinerante<\/title>\n<meta name=\"robots\" content=\"index, follow, max-snippet:-1, max-image-preview:large, max-video-preview:-1\" \/>\n<link rel=\"canonical\" href=\"https:\/\/www.turismoitinerante.com\/site\/gli-appuntamenti-di-ravennantica-per-sabato-17-maggio\/\" \/>\n<meta property=\"og:locale\" content=\"it_IT\" \/>\n<meta property=\"og:type\" content=\"article\" \/>\n<meta property=\"og:title\" content=\"Gli appuntamenti di RavennAntica per sabato 17 maggio - TI - Turismo Itinerante\" \/>\n<meta property=\"og:description\" content=\"La Notte dei Musei, con visita visita guidata \u201cTessere di luce nella notte\u201d a Tamo e alla Domus dei Tappeti di Pietra; nuovo appuntamento di Tamo for Kids ai Giardini Pensili della Provincia. Un sabato ricco di appuntamenti nei siti gestiti da RavennAntica, quello del 17 maggio. &nbsp; In occasione della Notte dei Musei, la [&hellip;]\" \/>\n<meta property=\"og:url\" content=\"https:\/\/www.turismoitinerante.com\/site\/gli-appuntamenti-di-ravennantica-per-sabato-17-maggio\/\" \/>\n<meta property=\"og:site_name\" content=\"TI - Turismo Itinerante\" \/>\n<meta property=\"article:published_time\" content=\"2014-05-13T13:47:17+00:00\" \/>\n<meta property=\"og:image\" content=\"https:\/\/www.turismoitinerante.com\/site\/wp-content\/uploads\/2014\/05\/museo-tamo.jpg\" \/>\n\t<meta property=\"og:image:width\" content=\"650\" \/>\n\t<meta property=\"og:image:height\" content=\"416\" \/>\n\t<meta property=\"og:image:type\" content=\"image\/jpeg\" \/>\n<meta name=\"author\" content=\"admin\" \/>\n<meta name=\"twitter:card\" content=\"summary_large_image\" \/>\n<meta name=\"twitter:label1\" content=\"Scritto da\" \/>\n\t<meta name=\"twitter:data1\" content=\"admin\" \/>\n\t<meta name=\"twitter:label2\" content=\"Tempo di lettura stimato\" \/>\n\t<meta name=\"twitter:data2\" content=\"2 minuti\" \/>\n<script type=\"application\/ld+json\" class=\"yoast-schema-graph\">{\"@context\":\"https:\\\/\\\/schema.org\",\"@graph\":[{\"@type\":\"Article\",\"@id\":\"https:\\\/\\\/www.turismoitinerante.com\\\/site\\\/gli-appuntamenti-di-ravennantica-per-sabato-17-maggio\\\/#article\",\"isPartOf\":{\"@id\":\"https:\\\/\\\/www.turismoitinerante.com\\\/site\\\/gli-appuntamenti-di-ravennantica-per-sabato-17-maggio\\\/\"},\"author\":{\"name\":\"admin\",\"@id\":\"https:\\\/\\\/www.turismoitinerante.com\\\/site\\\/#\\\/schema\\\/person\\\/1e1238d2d1617438f3682e54bf4d6c05\"},\"headline\":\"Gli appuntamenti di RavennAntica per sabato 17 maggio\",\"datePublished\":\"2014-05-13T13:47:17+00:00\",\"mainEntityOfPage\":{\"@id\":\"https:\\\/\\\/www.turismoitinerante.com\\\/site\\\/gli-appuntamenti-di-ravennantica-per-sabato-17-maggio\\\/\"},\"wordCount\":310,\"image\":{\"@id\":\"https:\\\/\\\/www.turismoitinerante.com\\\/site\\\/gli-appuntamenti-di-ravennantica-per-sabato-17-maggio\\\/#primaryimage\"},\"thumbnailUrl\":\"https:\\\/\\\/www.turismoitinerante.com\\\/site\\\/wp-content\\\/uploads\\\/2014\\\/05\\\/museo-tamo.jpg\",\"articleSection\":[\"Turismo\"],\"inLanguage\":\"it-IT\"},{\"@type\":\"WebPage\",\"@id\":\"https:\\\/\\\/www.turismoitinerante.com\\\/site\\\/gli-appuntamenti-di-ravennantica-per-sabato-17-maggio\\\/\",\"url\":\"https:\\\/\\\/www.turismoitinerante.com\\\/site\\\/gli-appuntamenti-di-ravennantica-per-sabato-17-maggio\\\/\",\"name\":\"Gli appuntamenti di RavennAntica per sabato 17 maggio - TI - Turismo Itinerante\",\"isPartOf\":{\"@id\":\"https:\\\/\\\/www.turismoitinerante.com\\\/site\\\/#website\"},\"primaryImageOfPage\":{\"@id\":\"https:\\\/\\\/www.turismoitinerante.com\\\/site\\\/gli-appuntamenti-di-ravennantica-per-sabato-17-maggio\\\/#primaryimage\"},\"image\":{\"@id\":\"https:\\\/\\\/www.turismoitinerante.com\\\/site\\\/gli-appuntamenti-di-ravennantica-per-sabato-17-maggio\\\/#primaryimage\"},\"thumbnailUrl\":\"https:\\\/\\\/www.turismoitinerante.com\\\/site\\\/wp-content\\\/uploads\\\/2014\\\/05\\\/museo-tamo.jpg\",\"datePublished\":\"2014-05-13T13:47:17+00:00\",\"author\":{\"@id\":\"https:\\\/\\\/www.turismoitinerante.com\\\/site\\\/#\\\/schema\\\/person\\\/1e1238d2d1617438f3682e54bf4d6c05\"},\"breadcrumb\":{\"@id\":\"https:\\\/\\\/www.turismoitinerante.com\\\/site\\\/gli-appuntamenti-di-ravennantica-per-sabato-17-maggio\\\/#breadcrumb\"},\"inLanguage\":\"it-IT\",\"potentialAction\":[{\"@type\":\"ReadAction\",\"target\":[\"https:\\\/\\\/www.turismoitinerante.com\\\/site\\\/gli-appuntamenti-di-ravennantica-per-sabato-17-maggio\\\/\"]}]},{\"@type\":\"ImageObject\",\"inLanguage\":\"it-IT\",\"@id\":\"https:\\\/\\\/www.turismoitinerante.com\\\/site\\\/gli-appuntamenti-di-ravennantica-per-sabato-17-maggio\\\/#primaryimage\",\"url\":\"https:\\\/\\\/www.turismoitinerante.com\\\/site\\\/wp-content\\\/uploads\\\/2014\\\/05\\\/museo-tamo.jpg\",\"contentUrl\":\"https:\\\/\\\/www.turismoitinerante.com\\\/site\\\/wp-content\\\/uploads\\\/2014\\\/05\\\/museo-tamo.jpg\",\"width\":650,\"height\":416,\"caption\":\"visitatori al Museo Tamo\"},{\"@type\":\"BreadcrumbList\",\"@id\":\"https:\\\/\\\/www.turismoitinerante.com\\\/site\\\/gli-appuntamenti-di-ravennantica-per-sabato-17-maggio\\\/#breadcrumb\",\"itemListElement\":[{\"@type\":\"ListItem\",\"position\":1,\"name\":\"Home\",\"item\":\"https:\\\/\\\/www.turismoitinerante.com\\\/site\\\/\"},{\"@type\":\"ListItem\",\"position\":2,\"name\":\"Gli appuntamenti di RavennAntica per sabato 17 maggio\"}]},{\"@type\":\"WebSite\",\"@id\":\"https:\\\/\\\/www.turismoitinerante.com\\\/site\\\/#website\",\"url\":\"https:\\\/\\\/www.turismoitinerante.com\\\/site\\\/\",\"name\":\"TI - Turismo Itinerante\",\"description\":\"Ritrovarsi su internet per informarsi, per informare. Il portale del turismo itinerante. Una infinit\u00e0 di notizie su camper, itinerari, aree sosta camper, concessionari, campeggi, agriturismo, raduni, sagre, fiere, mostre, associazioni, club, forum, bacheca annunci\",\"potentialAction\":[{\"@type\":\"SearchAction\",\"target\":{\"@type\":\"EntryPoint\",\"urlTemplate\":\"https:\\\/\\\/www.turismoitinerante.com\\\/site\\\/?s={search_term_string}\"},\"query-input\":{\"@type\":\"PropertyValueSpecification\",\"valueRequired\":true,\"valueName\":\"search_term_string\"}}],\"inLanguage\":\"it-IT\"},{\"@type\":\"Person\",\"@id\":\"https:\\\/\\\/www.turismoitinerante.com\\\/site\\\/#\\\/schema\\\/person\\\/1e1238d2d1617438f3682e54bf4d6c05\",\"name\":\"admin\",\"image\":{\"@type\":\"ImageObject\",\"inLanguage\":\"it-IT\",\"@id\":\"https:\\\/\\\/secure.gravatar.com\\\/avatar\\\/9102d8c23b35e2809b07ebc42ce126daa3d6a47cce9878a22d14d9852ade629e?s=96&d=mm&r=g\",\"url\":\"https:\\\/\\\/secure.gravatar.com\\\/avatar\\\/9102d8c23b35e2809b07ebc42ce126daa3d6a47cce9878a22d14d9852ade629e?s=96&d=mm&r=g\",\"contentUrl\":\"https:\\\/\\\/secure.gravatar.com\\\/avatar\\\/9102d8c23b35e2809b07ebc42ce126daa3d6a47cce9878a22d14d9852ade629e?s=96&d=mm&r=g\",\"caption\":\"admin\"},\"url\":\"https:\\\/\\\/www.turismoitinerante.com\\\/site\\\/author\\\/admin\\\/\"}]}<\/script>\n<!-- \/ Yoast SEO plugin. -->","yoast_head_json":{"title":"Gli appuntamenti di RavennAntica per sabato 17 maggio - TI - Turismo Itinerante","robots":{"index":"index","follow":"follow","max-snippet":"max-snippet:-1","max-image-preview":"max-image-preview:large","max-video-preview":"max-video-preview:-1"},"canonical":"https:\/\/www.turismoitinerante.com\/site\/gli-appuntamenti-di-ravennantica-per-sabato-17-maggio\/","og_locale":"it_IT","og_type":"article","og_title":"Gli appuntamenti di RavennAntica per sabato 17 maggio - TI - Turismo Itinerante","og_description":"La Notte dei Musei, con visita visita guidata \u201cTessere di luce nella notte\u201d a Tamo e alla Domus dei Tappeti di Pietra; nuovo appuntamento di Tamo for Kids ai Giardini Pensili della Provincia. Un sabato ricco di appuntamenti nei siti gestiti da RavennAntica, quello del 17 maggio. &nbsp; In occasione della Notte dei Musei, la [&hellip;]","og_url":"https:\/\/www.turismoitinerante.com\/site\/gli-appuntamenti-di-ravennantica-per-sabato-17-maggio\/","og_site_name":"TI - Turismo Itinerante","article_published_time":"2014-05-13T13:47:17+00:00","og_image":[{"width":650,"height":416,"url":"https:\/\/www.turismoitinerante.com\/site\/wp-content\/uploads\/2014\/05\/museo-tamo.jpg","type":"image\/jpeg"}],"author":"admin","twitter_card":"summary_large_image","twitter_misc":{"Scritto da":"admin","Tempo di lettura stimato":"2 minuti"},"schema":{"@context":"https:\/\/schema.org","@graph":[{"@type":"Article","@id":"https:\/\/www.turismoitinerante.com\/site\/gli-appuntamenti-di-ravennantica-per-sabato-17-maggio\/#article","isPartOf":{"@id":"https:\/\/www.turismoitinerante.com\/site\/gli-appuntamenti-di-ravennantica-per-sabato-17-maggio\/"},"author":{"name":"admin","@id":"https:\/\/www.turismoitinerante.com\/site\/#\/schema\/person\/1e1238d2d1617438f3682e54bf4d6c05"},"headline":"Gli appuntamenti di RavennAntica per sabato 17 maggio","datePublished":"2014-05-13T13:47:17+00:00","mainEntityOfPage":{"@id":"https:\/\/www.turismoitinerante.com\/site\/gli-appuntamenti-di-ravennantica-per-sabato-17-maggio\/"},"wordCount":310,"image":{"@id":"https:\/\/www.turismoitinerante.com\/site\/gli-appuntamenti-di-ravennantica-per-sabato-17-maggio\/#primaryimage"},"thumbnailUrl":"https:\/\/www.turismoitinerante.com\/site\/wp-content\/uploads\/2014\/05\/museo-tamo.jpg","articleSection":["Turismo"],"inLanguage":"it-IT"},{"@type":"WebPage","@id":"https:\/\/www.turismoitinerante.com\/site\/gli-appuntamenti-di-ravennantica-per-sabato-17-maggio\/","url":"https:\/\/www.turismoitinerante.com\/site\/gli-appuntamenti-di-ravennantica-per-sabato-17-maggio\/","name":"Gli appuntamenti di RavennAntica per sabato 17 maggio - TI - Turismo Itinerante","isPartOf":{"@id":"https:\/\/www.turismoitinerante.com\/site\/#website"},"primaryImageOfPage":{"@id":"https:\/\/www.turismoitinerante.com\/site\/gli-appuntamenti-di-ravennantica-per-sabato-17-maggio\/#primaryimage"},"image":{"@id":"https:\/\/www.turismoitinerante.com\/site\/gli-appuntamenti-di-ravennantica-per-sabato-17-maggio\/#primaryimage"},"thumbnailUrl":"https:\/\/www.turismoitinerante.com\/site\/wp-content\/uploads\/2014\/05\/museo-tamo.jpg","datePublished":"2014-05-13T13:47:17+00:00","author":{"@id":"https:\/\/www.turismoitinerante.com\/site\/#\/schema\/person\/1e1238d2d1617438f3682e54bf4d6c05"},"breadcrumb":{"@id":"https:\/\/www.turismoitinerante.com\/site\/gli-appuntamenti-di-ravennantica-per-sabato-17-maggio\/#breadcrumb"},"inLanguage":"it-IT","potentialAction":[{"@type":"ReadAction","target":["https:\/\/www.turismoitinerante.com\/site\/gli-appuntamenti-di-ravennantica-per-sabato-17-maggio\/"]}]},{"@type":"ImageObject","inLanguage":"it-IT","@id":"https:\/\/www.turismoitinerante.com\/site\/gli-appuntamenti-di-ravennantica-per-sabato-17-maggio\/#primaryimage","url":"https:\/\/www.turismoitinerante.com\/site\/wp-content\/uploads\/2014\/05\/museo-tamo.jpg","contentUrl":"https:\/\/www.turismoitinerante.com\/site\/wp-content\/uploads\/2014\/05\/museo-tamo.jpg","width":650,"height":416,"caption":"visitatori al Museo Tamo"},{"@type":"BreadcrumbList","@id":"https:\/\/www.turismoitinerante.com\/site\/gli-appuntamenti-di-ravennantica-per-sabato-17-maggio\/#breadcrumb","itemListElement":[{"@type":"ListItem","position":1,"name":"Home","item":"https:\/\/www.turismoitinerante.com\/site\/"},{"@type":"ListItem","position":2,"name":"Gli appuntamenti di RavennAntica per sabato 17 maggio"}]},{"@type":"WebSite","@id":"https:\/\/www.turismoitinerante.com\/site\/#website","url":"https:\/\/www.turismoitinerante.com\/site\/","name":"TI - Turismo Itinerante","description":"Ritrovarsi su internet per informarsi, per informare. Il portale del turismo itinerante. Una infinit\u00e0 di notizie su camper, itinerari, aree sosta camper, concessionari, campeggi, agriturismo, raduni, sagre, fiere, mostre, associazioni, club, forum, bacheca annunci","potentialAction":[{"@type":"SearchAction","target":{"@type":"EntryPoint","urlTemplate":"https:\/\/www.turismoitinerante.com\/site\/?s={search_term_string}"},"query-input":{"@type":"PropertyValueSpecification","valueRequired":true,"valueName":"search_term_string"}}],"inLanguage":"it-IT"},{"@type":"Person","@id":"https:\/\/www.turismoitinerante.com\/site\/#\/schema\/person\/1e1238d2d1617438f3682e54bf4d6c05","name":"admin","image":{"@type":"ImageObject","inLanguage":"it-IT","@id":"https:\/\/secure.gravatar.com\/avatar\/9102d8c23b35e2809b07ebc42ce126daa3d6a47cce9878a22d14d9852ade629e?s=96&d=mm&r=g","url":"https:\/\/secure.gravatar.com\/avatar\/9102d8c23b35e2809b07ebc42ce126daa3d6a47cce9878a22d14d9852ade629e?s=96&d=mm&r=g","contentUrl":"https:\/\/secure.gravatar.com\/avatar\/9102d8c23b35e2809b07ebc42ce126daa3d6a47cce9878a22d14d9852ade629e?s=96&d=mm&r=g","caption":"admin"},"url":"https:\/\/www.turismoitinerante.com\/site\/author\/admin\/"}]}},"_links":{"self":[{"href":"https:\/\/www.turismoitinerante.com\/site\/wp-json\/wp\/v2\/posts\/28252","targetHints":{"allow":["GET"]}}],"collection":[{"href":"https:\/\/www.turismoitinerante.com\/site\/wp-json\/wp\/v2\/posts"}],"about":[{"href":"https:\/\/www.turismoitinerante.com\/site\/wp-json\/wp\/v2\/types\/post"}],"author":[{"embeddable":true,"href":"https:\/\/www.turismoitinerante.com\/site\/wp-json\/wp\/v2\/users\/1"}],"replies":[{"embeddable":true,"href":"https:\/\/www.turismoitinerante.com\/site\/wp-json\/wp\/v2\/comments?post=28252"}],"version-history":[{"count":1,"href":"https:\/\/www.turismoitinerante.com\/site\/wp-json\/wp\/v2\/posts\/28252\/revisions"}],"predecessor-version":[{"id":28255,"href":"https:\/\/www.turismoitinerante.com\/site\/wp-json\/wp\/v2\/posts\/28252\/revisions\/28255"}],"wp:featuredmedia":[{"embeddable":true,"href":"https:\/\/www.turismoitinerante.com\/site\/wp-json\/wp\/v2\/media\/28254"}],"wp:attachment":[{"href":"https:\/\/www.turismoitinerante.com\/site\/wp-json\/wp\/v2\/media?parent=28252"}],"wp:term":[{"taxonomy":"category","embeddable":true,"href":"https:\/\/www.turismoitinerante.com\/site\/wp-json\/wp\/v2\/categories?post=28252"},{"taxonomy":"post_tag","embeddable":true,"href":"https:\/\/www.turismoitinerante.com\/site\/wp-json\/wp\/v2\/tags?post=28252"}],"curies":[{"name":"wp","href":"https:\/\/api.w.org\/{rel}","templated":true}]}}