{"id":28152,"date":"2014-05-08T09:26:56","date_gmt":"2014-05-08T08:26:56","guid":{"rendered":"http:\/\/www.turismoitinerante.com\/site\/?p=28152"},"modified":"2014-05-08T09:26:56","modified_gmt":"2014-05-08T08:26:56","slug":"maremorje-vitovska-lottava-edizione-a-trieste-dal-6-al-7-giugno","status":"publish","type":"post","link":"https:\/\/www.turismoitinerante.com\/site\/maremorje-vitovska-lottava-edizione-a-trieste-dal-6-al-7-giugno\/","title":{"rendered":"Maremorje &#038; Vitovska:  l\u2019ottava edizione a Trieste dal 6 al 7 giugno"},"content":{"rendered":"<p><strong>L\u2019Associazione dei Viticoltori del Carso \u2013 Kras invita a MAREMORJE &amp; VITOVSKA che terr\u00e0 la sua ottava edizione a Trieste dal 6 al 7 giugno 2014.<\/strong><\/p>\n<p><a href=\"http:\/\/www.turismoitinerante.com\/site\/wp-content\/uploads\/2014\/05\/Vitovska-1.jpg\"><img decoding=\"async\" class=\"aligncenter size-full wp-image-28153\" alt=\"Maremorje &amp; Vitovska:  l\u2019ottava edizione a Trieste dal 6 al 7 giugno \" src=\"http:\/\/www.turismoitinerante.com\/site\/wp-content\/uploads\/2014\/05\/Vitovska-1.jpg\" width=\"650\" height=\"433\" srcset=\"https:\/\/www.turismoitinerante.com\/site\/wp-content\/uploads\/2014\/05\/Vitovska-1.jpg 650w, https:\/\/www.turismoitinerante.com\/site\/wp-content\/uploads\/2014\/05\/Vitovska-1-300x199.jpg 300w, https:\/\/www.turismoitinerante.com\/site\/wp-content\/uploads\/2014\/05\/Vitovska-1-400x266.jpg 400w\" sizes=\"(max-width: 650px) 100vw, 650px\" \/><\/a><\/p>\n<p><strong>LA VITOVSKA<\/strong><\/p>\n<p>La Vitovska \u00e8 un vitigno a bacca bianca diffuso nella provincia di Trieste e nella vicina Slovenia (nei territori che costituivano la provincia vera e propria di Trieste prima della seconda guerra mondiale). Il suo nome ha origini slovene, presumibilmente deriva dalla localit\u00e0 di Vitolje ma c\u2019\u00e8 anche chi ipotizza che possa derivare da vitez cio\u00e8 vino del cavaliere.<\/p>\n<p>Le epoche di germogliamento, fioritura e invaiatura sono medio-precoci. Il grappolo \u00e8 di forma piramidale, alato, di media grandezza e compatto. L&#8217;acino \u00e8 di forma sferica, di colore verde. La polpa \u00e8 succosa e incolore, il sapore \u00e8 neutro.<\/p>\n<p>Dalle sue uve vinificate in bianco si produce un vino secco e fresco dal profumo fruttato, vinoso, con sentore di pera Williams, talvolta anche di salvia. Il colore \u00e8 giallo paglierino chiaro, il sapore leggermente acidulo e sapido, di buon corpo.<\/p>\n<p>In passato la Vitovska era usata principalmente in uvaggi con altre uve bianche locali, quale la Malvasia Istriana; recentemente alcuni produttori hanno &#8220;sperimentato&#8221; la vinificazione in purezza ottenendo dei risultati apprezzabili.<\/p>\n<p>La Vitovska a seconda della lavorazione si accompagna bene sia ad antipasti magri a base di pesce sia a piatti pi\u00f9 complessi fino ad arrivare a carni bianche come il coniglio.<\/p>\n<p><strong>TRIESTE MAREMORJE VITOVSKA 2014 \u2013 8aedizione \u2013 Trieste, 6-7 giugno<\/strong><\/p>\n<p><em>Venerd\u00ec 6 giugno<\/em>:<\/p>\n<p>ore 15 Apertura ufficiale della Manifestazione<\/p>\n<p>ore 18 \u2013 23 Inizio delle degustazioni presso il Salone degli Incanti con accompagnamento di gastronomia di mare e non solo<\/p>\n<p><em>Sabato 7 giugno:<\/em><\/p>\n<p>ore 18 \u2013 23 Degustazioni abbinate alle eccellenze della cucina di mare a cura dei Ristoratori della Provincia di Trieste<\/p>\n<p><strong>Eventi Collaterali:<\/strong><\/p>\n<p><em>Marted\u00ec 3 giugno:<\/em><\/p>\n<p>Degustazione di Vitovska condotta dal Sommelier Dennis Metz, vincitore del premio di Miglior Sommelier Italiano nel 2012 e vice-Campione Mondiale. In collaborazione con AIS presso l\u2019Hotel NH di Trieste.<\/p>\n<p><em>Mercoled\u00ec 4 giugno:<\/em><\/p>\n<p>Convegno dal titolo: Nuovo Piano Regolatore per il Comune di Trieste a confronto con lo sviluppo della viticoltura. Interverranno le personalit\u00e0 del mondo politico strettamente connesse al problema.<\/p>\n<p><em>Gioved\u00ec 5 giugno:<\/em><\/p>\n<p>Serata dal tema: \u201cEroicit\u00e0 a confronto\u201d. I produttori del Carso si confronteranno con alcuni viticoltori provenienti da zone considerate \u201ceroiche\u201d per le modalit\u00e0 di lavoro in vigna come avviene per il Carso.<\/p>\n<p>Presso il Ristorante Devetak di San Michele del Carso.<\/p>\n<p><em>Domenica 8 giugno:<\/em><\/p>\n<p>Cantine aperte \u2013 i viticoltori della Provincia di Trieste apriranno le loro cantine per guidare le degustazioni dei loro vini nelle cantine di produzione.<\/p>\n<p>Nel corso dell\u2019intera settimana saranno proposti dei menu a base di piatti di mare in abbinamento al vino Vitovska in tutti gli esercizi della Provincia di Trieste aderenti alla FIPE. Nei giorni 6 e 7 giugno sempre a cura della FIPE saranno curate delle postazioni nell\u2019area adiacente al Salone degli Incanti, lato mare, in cui si potranno gustare piatti di mare tipici della tradizione triestina.<\/p>\n<p>Sponsor dell\u2019evento:<\/p>\n<p>\u2022\u00a0\u00a0\u00a0\u00a0\u00a0\u00a0\u00a0\u00a0\u00a0\u00a0\u00a0\u00a0 Main Sponsor &#8211; Banca di Credito Cooperativo del Carso (BCC) &#8211; Zadrusna Kraska Banka (ZKB)<\/p>\n<p>\u2022\u00a0\u00a0\u00a0\u00a0\u00a0\u00a0\u00a0\u00a0\u00a0\u00a0\u00a0\u00a0 Co-organizzatore: il Comune di Trieste con la concessione del Salone degli Incanti<\/p>\n<p>\u2022\u00a0\u00a0\u00a0\u00a0\u00a0\u00a0\u00a0\u00a0\u00a0\u00a0\u00a0\u00a0 ERSA (Ente Regionale Sviluppo Agricolo)<\/p>\n<p><strong>L\u2019ASSOCIAZIONE VITICOLTORI DEL CARSO &#8211; KRAS<\/strong><\/p>\n<p>L\u2019Associazione \u00e8 stata costituita agli inizi del 2013 per riunire i viticoltori che in precedenza facevano parte del Consorzio di Tutela vini Collio e Carso. La scelta di lasciare il precedente Consorzio era maturata dopo aver preso consapevolezza che i due territori, seppure cos\u00ec vicini e per certi versi con tradizioni vitivinicole comuni, presentavano delle problematiche diverse circa la conduzione delle politiche territoriali e che per il Carso si sarebbero resi indispensabili maggiori spazi per poter affrontare adeguatamente i problemi che ne frenano lo sviluppo. Inoltre tutti i viticoltori del Carso hanno delle aziende a conduzione familiare e questa caratteristica artigianale le rende fortemente diverse da un mondo del vino caratterizzato da connotati maggiormente industriali.<\/p>\n<p><strong>LA PRODUZIONE<\/strong><\/p>\n<p>Il territorio infatti, pur nei limitati spazi oggi a vigneto, poco pi\u00f9 di 500 ettari, mentre fino al 1954 ne erano censiti quasi quattro volte tanto, \u00e8 riuscito faticosamente ad imporre i propri prodotti sui mercati internazionali, puntando sulla qualit\u00e0 degli impianti e su metodi di vinificazione che hanno raccolto consensi unanimi. I prodotti di diversi vinificatori carsolini oggi sono presenti nei migliori ristoranti europei e notevole interesse \u00e8 riscosso anche in paesi quali gli USA, il Giappone, l\u2019Australia ed il Brasile. Sono molti i produttori che oggi cercano la possibilit\u00e0 di incrementare gli ettari a propria disposizione e vi sono alcuni giovani che desiderano poter incominciare a produrre in modo sufficiente da consentirne l\u2019imbottigliamento, primo passo per affrontare in modo sostenibile le vendite e la conduzione di un\u2019azienda vitivinicola.<\/p>\n<p><strong>IL TERRITORIO<\/strong><\/p>\n<p>I vini prodotti sul Carso e in genere nella Provincia di Trieste hanno una storia molto vecchia e sono stati apprezzati sin dai tempi dell\u2019antica Roma per la loro bont\u00e0. In epoca austriaca Trieste forniva assieme al Collio vini di grande qualit\u00e0 che erano molto apprezzati presso la Corte di Vienna e non solo. Tutto ci\u00f2 grazie a un territorio vocato alla coltivazione della vite, con un suolo calcareo ma anche ricco di minerali, vigneti che risentono dell\u2019influenza del mare e con clima mediterraneo con buona escursione termica tra il giorno e la notte. Un\u2019aria resa molto pulita dai venti che abbassano il grado di umidit\u00e0 in modo tale da evitare un uso consistente di trattamenti degli impianti.<\/p>\n<p>Generalmente i vigneti sono di piccole dimensioni e molto sparsi sul territorio, generalmente circondati da muretti a secco e dalla boscaglia. Questa tipicit\u00e0 da una parte garantisce la qualit\u00e0 delle uve ma anche rappresenta un fattore di rischio di perdita di prodotto, visti i danni in costante aumento provocati dagli animali selvatici quali cinghiali e caprioli, o semplicemente dagli uccelli che, particolarmente nelle estati siccitose, provocano gravi perdite di produzione.<\/p>\n<p><strong>LA NECESSITA\u2019 DI NUOVI IMPIANTI<\/strong><\/p>\n<p>Purtroppo si sono persi, nell\u2019arco di 50 anni, quasi mille ettari che fino al primo dopoguerra erano destinati alla coltivazione della vite. L\u2019abbandono delle campagne, la speculazione edilizia con l\u2019espandersi della citt\u00e0 e dei comuni della Provincia assieme all\u2019avanzare della boscaglia, hanno fortemente limitato le aree oggi a disposizione. Negli anni poi sono stati posti, da varie amministrazioni pubbliche, dei vincoli paesaggistici che ora impediscono di fatto il recupero di superfici agricole, anche di quelle precedentemente a vite.<\/p>\n<p><strong>ASSOCIAZIONE DEI VITICOLTORI DEL CARSO<\/strong><\/p>\n<p><a href=\"mailto:staff@vinidoccarso.eu\">staff@vinidoccarso.eu<\/a><\/p>\n<p>Testo di Franca D. Scotti<\/p>\n<p><a href=\"http:\/\/www.turismoitinerante.com\/site\/wp-content\/uploads\/2014\/05\/vitovska-27.jpg\"><img decoding=\"async\" class=\"aligncenter size-full wp-image-28154\" alt=\"vitovska 27\" src=\"http:\/\/www.turismoitinerante.com\/site\/wp-content\/uploads\/2014\/05\/vitovska-27.jpg\" width=\"650\" height=\"433\" srcset=\"https:\/\/www.turismoitinerante.com\/site\/wp-content\/uploads\/2014\/05\/vitovska-27.jpg 650w, https:\/\/www.turismoitinerante.com\/site\/wp-content\/uploads\/2014\/05\/vitovska-27-300x199.jpg 300w, https:\/\/www.turismoitinerante.com\/site\/wp-content\/uploads\/2014\/05\/vitovska-27-400x266.jpg 400w\" sizes=\"(max-width: 650px) 100vw, 650px\" \/><\/a><\/p>\n<div class=\"7863122cad8776726ec303240ed69aa5\" data-index=\"4\" style=\"float: none; margin:10px 0 10px 0; text-align:center;\">\n<script async src=\"\/\/pagead2.googlesyndication.com\/pagead\/js\/adsbygoogle.js\"><\/script>\r\n<!-- 728x90, creato 23\/02\/11 -->\r\n<ins class=\"adsbygoogle\"\r\n     style=\"display:inline-block;width:728px;height:90px\"\r\n     data-ad-client=\"ca-pub-5798583071070083\"\r\n     data-ad-slot=\"5935394872\"><\/ins>\r\n<script>\r\n(adsbygoogle = window.adsbygoogle || []).push({});\r\n<\/script>\n<\/div>\n\n<div style=\"font-size: 0px; height: 0px; line-height: 0px; margin: 0; padding: 0; clear: both;\"><\/div>","protected":false},"excerpt":{"rendered":"<p>L\u2019Associazione dei Viticoltori del Carso \u2013 Kras invita a MAREMORJE &amp; VITOVSKA che terr\u00e0 la sua ottava edizione a Trieste dal 6 al 7 giugno 2014. LA VITOVSKA La Vitovska \u00e8 un vitigno a bacca bianca diffuso nella provincia di Trieste e nella vicina Slovenia (nei territori che costituivano la provincia vera e propria di [&hellip;]<\/p>\n","protected":false},"author":1,"featured_media":28153,"comment_status":"closed","ping_status":"open","sticky":false,"template":"","format":"standard","meta":{"ngg_post_thumbnail":0,"jnews-multi-image_gallery":[],"jnews_single_post":[],"jnews_primary_category":[],"jnews_override_counter":[],"footnotes":""},"categories":[643],"tags":[],"class_list":["post-28152","post","type-post","status-publish","format-standard","has-post-thumbnail","hentry","category-itinerari-gustosi"],"yoast_head":"<!-- This site is optimized with the Yoast SEO plugin v27.4 - https:\/\/yoast.com\/product\/yoast-seo-wordpress\/ -->\n<title>Maremorje &amp; Vitovska: l\u2019ottava edizione a Trieste dal 6 al 7 giugno  - TI - Turismo Itinerante<\/title>\n<meta name=\"robots\" content=\"index, follow, max-snippet:-1, max-image-preview:large, max-video-preview:-1\" \/>\n<link rel=\"canonical\" href=\"https:\/\/www.turismoitinerante.com\/site\/maremorje-vitovska-lottava-edizione-a-trieste-dal-6-al-7-giugno\/\" \/>\n<meta property=\"og:locale\" content=\"it_IT\" \/>\n<meta property=\"og:type\" content=\"article\" \/>\n<meta property=\"og:title\" content=\"Maremorje &amp; Vitovska: l\u2019ottava edizione a Trieste dal 6 al 7 giugno  - TI - Turismo Itinerante\" \/>\n<meta property=\"og:description\" content=\"L\u2019Associazione dei Viticoltori del Carso \u2013 Kras invita a MAREMORJE &amp; VITOVSKA che terr\u00e0 la sua ottava edizione a Trieste dal 6 al 7 giugno 2014. LA VITOVSKA La Vitovska \u00e8 un vitigno a bacca bianca diffuso nella provincia di Trieste e nella vicina Slovenia (nei territori che costituivano la provincia vera e propria di [&hellip;]\" \/>\n<meta property=\"og:url\" content=\"https:\/\/www.turismoitinerante.com\/site\/maremorje-vitovska-lottava-edizione-a-trieste-dal-6-al-7-giugno\/\" \/>\n<meta property=\"og:site_name\" content=\"TI - Turismo Itinerante\" \/>\n<meta property=\"article:published_time\" content=\"2014-05-08T08:26:56+00:00\" \/>\n<meta property=\"og:image\" content=\"https:\/\/www.turismoitinerante.com\/site\/wp-content\/uploads\/2014\/05\/Vitovska-1.jpg\" \/>\n\t<meta property=\"og:image:width\" content=\"650\" \/>\n\t<meta property=\"og:image:height\" content=\"433\" \/>\n\t<meta property=\"og:image:type\" content=\"image\/jpeg\" \/>\n<meta name=\"author\" content=\"admin\" \/>\n<meta name=\"twitter:card\" content=\"summary_large_image\" \/>\n<meta name=\"twitter:label1\" content=\"Scritto da\" \/>\n\t<meta name=\"twitter:data1\" content=\"admin\" \/>\n\t<meta name=\"twitter:label2\" content=\"Tempo di lettura stimato\" \/>\n\t<meta name=\"twitter:data2\" content=\"5 minuti\" \/>\n<script type=\"application\/ld+json\" class=\"yoast-schema-graph\">{\"@context\":\"https:\\\/\\\/schema.org\",\"@graph\":[{\"@type\":\"Article\",\"@id\":\"https:\\\/\\\/www.turismoitinerante.com\\\/site\\\/maremorje-vitovska-lottava-edizione-a-trieste-dal-6-al-7-giugno\\\/#article\",\"isPartOf\":{\"@id\":\"https:\\\/\\\/www.turismoitinerante.com\\\/site\\\/maremorje-vitovska-lottava-edizione-a-trieste-dal-6-al-7-giugno\\\/\"},\"author\":{\"name\":\"admin\",\"@id\":\"https:\\\/\\\/www.turismoitinerante.com\\\/site\\\/#\\\/schema\\\/person\\\/1e1238d2d1617438f3682e54bf4d6c05\"},\"headline\":\"Maremorje &#038; Vitovska: l\u2019ottava edizione a Trieste dal 6 al 7 giugno\",\"datePublished\":\"2014-05-08T08:26:56+00:00\",\"mainEntityOfPage\":{\"@id\":\"https:\\\/\\\/www.turismoitinerante.com\\\/site\\\/maremorje-vitovska-lottava-edizione-a-trieste-dal-6-al-7-giugno\\\/\"},\"wordCount\":1056,\"image\":{\"@id\":\"https:\\\/\\\/www.turismoitinerante.com\\\/site\\\/maremorje-vitovska-lottava-edizione-a-trieste-dal-6-al-7-giugno\\\/#primaryimage\"},\"thumbnailUrl\":\"https:\\\/\\\/www.turismoitinerante.com\\\/site\\\/wp-content\\\/uploads\\\/2014\\\/05\\\/Vitovska-1.jpg\",\"articleSection\":[\"Itinerari Gustosi\"],\"inLanguage\":\"it-IT\"},{\"@type\":\"WebPage\",\"@id\":\"https:\\\/\\\/www.turismoitinerante.com\\\/site\\\/maremorje-vitovska-lottava-edizione-a-trieste-dal-6-al-7-giugno\\\/\",\"url\":\"https:\\\/\\\/www.turismoitinerante.com\\\/site\\\/maremorje-vitovska-lottava-edizione-a-trieste-dal-6-al-7-giugno\\\/\",\"name\":\"Maremorje & Vitovska: l\u2019ottava edizione a Trieste dal 6 al 7 giugno - TI - Turismo Itinerante\",\"isPartOf\":{\"@id\":\"https:\\\/\\\/www.turismoitinerante.com\\\/site\\\/#website\"},\"primaryImageOfPage\":{\"@id\":\"https:\\\/\\\/www.turismoitinerante.com\\\/site\\\/maremorje-vitovska-lottava-edizione-a-trieste-dal-6-al-7-giugno\\\/#primaryimage\"},\"image\":{\"@id\":\"https:\\\/\\\/www.turismoitinerante.com\\\/site\\\/maremorje-vitovska-lottava-edizione-a-trieste-dal-6-al-7-giugno\\\/#primaryimage\"},\"thumbnailUrl\":\"https:\\\/\\\/www.turismoitinerante.com\\\/site\\\/wp-content\\\/uploads\\\/2014\\\/05\\\/Vitovska-1.jpg\",\"datePublished\":\"2014-05-08T08:26:56+00:00\",\"author\":{\"@id\":\"https:\\\/\\\/www.turismoitinerante.com\\\/site\\\/#\\\/schema\\\/person\\\/1e1238d2d1617438f3682e54bf4d6c05\"},\"breadcrumb\":{\"@id\":\"https:\\\/\\\/www.turismoitinerante.com\\\/site\\\/maremorje-vitovska-lottava-edizione-a-trieste-dal-6-al-7-giugno\\\/#breadcrumb\"},\"inLanguage\":\"it-IT\",\"potentialAction\":[{\"@type\":\"ReadAction\",\"target\":[\"https:\\\/\\\/www.turismoitinerante.com\\\/site\\\/maremorje-vitovska-lottava-edizione-a-trieste-dal-6-al-7-giugno\\\/\"]}]},{\"@type\":\"ImageObject\",\"inLanguage\":\"it-IT\",\"@id\":\"https:\\\/\\\/www.turismoitinerante.com\\\/site\\\/maremorje-vitovska-lottava-edizione-a-trieste-dal-6-al-7-giugno\\\/#primaryimage\",\"url\":\"https:\\\/\\\/www.turismoitinerante.com\\\/site\\\/wp-content\\\/uploads\\\/2014\\\/05\\\/Vitovska-1.jpg\",\"contentUrl\":\"https:\\\/\\\/www.turismoitinerante.com\\\/site\\\/wp-content\\\/uploads\\\/2014\\\/05\\\/Vitovska-1.jpg\",\"width\":650,\"height\":433,\"caption\":\"Maremorje & Vitovska: l\u2019ottava edizione a Trieste dal 6 al 7 giugno\"},{\"@type\":\"BreadcrumbList\",\"@id\":\"https:\\\/\\\/www.turismoitinerante.com\\\/site\\\/maremorje-vitovska-lottava-edizione-a-trieste-dal-6-al-7-giugno\\\/#breadcrumb\",\"itemListElement\":[{\"@type\":\"ListItem\",\"position\":1,\"name\":\"Home\",\"item\":\"https:\\\/\\\/www.turismoitinerante.com\\\/site\\\/\"},{\"@type\":\"ListItem\",\"position\":2,\"name\":\"Maremorje &#038; Vitovska: l\u2019ottava edizione a Trieste dal 6 al 7 giugno\"}]},{\"@type\":\"WebSite\",\"@id\":\"https:\\\/\\\/www.turismoitinerante.com\\\/site\\\/#website\",\"url\":\"https:\\\/\\\/www.turismoitinerante.com\\\/site\\\/\",\"name\":\"TI - Turismo Itinerante\",\"description\":\"Ritrovarsi su internet per informarsi, per informare. Il portale del turismo itinerante. Una infinit\u00e0 di notizie su camper, itinerari, aree sosta camper, concessionari, campeggi, agriturismo, raduni, sagre, fiere, mostre, associazioni, club, forum, bacheca annunci\",\"potentialAction\":[{\"@type\":\"SearchAction\",\"target\":{\"@type\":\"EntryPoint\",\"urlTemplate\":\"https:\\\/\\\/www.turismoitinerante.com\\\/site\\\/?s={search_term_string}\"},\"query-input\":{\"@type\":\"PropertyValueSpecification\",\"valueRequired\":true,\"valueName\":\"search_term_string\"}}],\"inLanguage\":\"it-IT\"},{\"@type\":\"Person\",\"@id\":\"https:\\\/\\\/www.turismoitinerante.com\\\/site\\\/#\\\/schema\\\/person\\\/1e1238d2d1617438f3682e54bf4d6c05\",\"name\":\"admin\",\"image\":{\"@type\":\"ImageObject\",\"inLanguage\":\"it-IT\",\"@id\":\"https:\\\/\\\/secure.gravatar.com\\\/avatar\\\/9102d8c23b35e2809b07ebc42ce126daa3d6a47cce9878a22d14d9852ade629e?s=96&d=mm&r=g\",\"url\":\"https:\\\/\\\/secure.gravatar.com\\\/avatar\\\/9102d8c23b35e2809b07ebc42ce126daa3d6a47cce9878a22d14d9852ade629e?s=96&d=mm&r=g\",\"contentUrl\":\"https:\\\/\\\/secure.gravatar.com\\\/avatar\\\/9102d8c23b35e2809b07ebc42ce126daa3d6a47cce9878a22d14d9852ade629e?s=96&d=mm&r=g\",\"caption\":\"admin\"},\"url\":\"https:\\\/\\\/www.turismoitinerante.com\\\/site\\\/author\\\/admin\\\/\"}]}<\/script>\n<!-- \/ Yoast SEO plugin. -->","yoast_head_json":{"title":"Maremorje & Vitovska: l\u2019ottava edizione a Trieste dal 6 al 7 giugno  - TI - Turismo Itinerante","robots":{"index":"index","follow":"follow","max-snippet":"max-snippet:-1","max-image-preview":"max-image-preview:large","max-video-preview":"max-video-preview:-1"},"canonical":"https:\/\/www.turismoitinerante.com\/site\/maremorje-vitovska-lottava-edizione-a-trieste-dal-6-al-7-giugno\/","og_locale":"it_IT","og_type":"article","og_title":"Maremorje & Vitovska: l\u2019ottava edizione a Trieste dal 6 al 7 giugno  - TI - Turismo Itinerante","og_description":"L\u2019Associazione dei Viticoltori del Carso \u2013 Kras invita a MAREMORJE &amp; VITOVSKA che terr\u00e0 la sua ottava edizione a Trieste dal 6 al 7 giugno 2014. LA VITOVSKA La Vitovska \u00e8 un vitigno a bacca bianca diffuso nella provincia di Trieste e nella vicina Slovenia (nei territori che costituivano la provincia vera e propria di [&hellip;]","og_url":"https:\/\/www.turismoitinerante.com\/site\/maremorje-vitovska-lottava-edizione-a-trieste-dal-6-al-7-giugno\/","og_site_name":"TI - Turismo Itinerante","article_published_time":"2014-05-08T08:26:56+00:00","og_image":[{"width":650,"height":433,"url":"https:\/\/www.turismoitinerante.com\/site\/wp-content\/uploads\/2014\/05\/Vitovska-1.jpg","type":"image\/jpeg"}],"author":"admin","twitter_card":"summary_large_image","twitter_misc":{"Scritto da":"admin","Tempo di lettura stimato":"5 minuti"},"schema":{"@context":"https:\/\/schema.org","@graph":[{"@type":"Article","@id":"https:\/\/www.turismoitinerante.com\/site\/maremorje-vitovska-lottava-edizione-a-trieste-dal-6-al-7-giugno\/#article","isPartOf":{"@id":"https:\/\/www.turismoitinerante.com\/site\/maremorje-vitovska-lottava-edizione-a-trieste-dal-6-al-7-giugno\/"},"author":{"name":"admin","@id":"https:\/\/www.turismoitinerante.com\/site\/#\/schema\/person\/1e1238d2d1617438f3682e54bf4d6c05"},"headline":"Maremorje &#038; Vitovska: l\u2019ottava edizione a Trieste dal 6 al 7 giugno","datePublished":"2014-05-08T08:26:56+00:00","mainEntityOfPage":{"@id":"https:\/\/www.turismoitinerante.com\/site\/maremorje-vitovska-lottava-edizione-a-trieste-dal-6-al-7-giugno\/"},"wordCount":1056,"image":{"@id":"https:\/\/www.turismoitinerante.com\/site\/maremorje-vitovska-lottava-edizione-a-trieste-dal-6-al-7-giugno\/#primaryimage"},"thumbnailUrl":"https:\/\/www.turismoitinerante.com\/site\/wp-content\/uploads\/2014\/05\/Vitovska-1.jpg","articleSection":["Itinerari Gustosi"],"inLanguage":"it-IT"},{"@type":"WebPage","@id":"https:\/\/www.turismoitinerante.com\/site\/maremorje-vitovska-lottava-edizione-a-trieste-dal-6-al-7-giugno\/","url":"https:\/\/www.turismoitinerante.com\/site\/maremorje-vitovska-lottava-edizione-a-trieste-dal-6-al-7-giugno\/","name":"Maremorje & Vitovska: l\u2019ottava edizione a Trieste dal 6 al 7 giugno - TI - Turismo Itinerante","isPartOf":{"@id":"https:\/\/www.turismoitinerante.com\/site\/#website"},"primaryImageOfPage":{"@id":"https:\/\/www.turismoitinerante.com\/site\/maremorje-vitovska-lottava-edizione-a-trieste-dal-6-al-7-giugno\/#primaryimage"},"image":{"@id":"https:\/\/www.turismoitinerante.com\/site\/maremorje-vitovska-lottava-edizione-a-trieste-dal-6-al-7-giugno\/#primaryimage"},"thumbnailUrl":"https:\/\/www.turismoitinerante.com\/site\/wp-content\/uploads\/2014\/05\/Vitovska-1.jpg","datePublished":"2014-05-08T08:26:56+00:00","author":{"@id":"https:\/\/www.turismoitinerante.com\/site\/#\/schema\/person\/1e1238d2d1617438f3682e54bf4d6c05"},"breadcrumb":{"@id":"https:\/\/www.turismoitinerante.com\/site\/maremorje-vitovska-lottava-edizione-a-trieste-dal-6-al-7-giugno\/#breadcrumb"},"inLanguage":"it-IT","potentialAction":[{"@type":"ReadAction","target":["https:\/\/www.turismoitinerante.com\/site\/maremorje-vitovska-lottava-edizione-a-trieste-dal-6-al-7-giugno\/"]}]},{"@type":"ImageObject","inLanguage":"it-IT","@id":"https:\/\/www.turismoitinerante.com\/site\/maremorje-vitovska-lottava-edizione-a-trieste-dal-6-al-7-giugno\/#primaryimage","url":"https:\/\/www.turismoitinerante.com\/site\/wp-content\/uploads\/2014\/05\/Vitovska-1.jpg","contentUrl":"https:\/\/www.turismoitinerante.com\/site\/wp-content\/uploads\/2014\/05\/Vitovska-1.jpg","width":650,"height":433,"caption":"Maremorje & Vitovska: l\u2019ottava edizione a Trieste dal 6 al 7 giugno"},{"@type":"BreadcrumbList","@id":"https:\/\/www.turismoitinerante.com\/site\/maremorje-vitovska-lottava-edizione-a-trieste-dal-6-al-7-giugno\/#breadcrumb","itemListElement":[{"@type":"ListItem","position":1,"name":"Home","item":"https:\/\/www.turismoitinerante.com\/site\/"},{"@type":"ListItem","position":2,"name":"Maremorje &#038; Vitovska: l\u2019ottava edizione a Trieste dal 6 al 7 giugno"}]},{"@type":"WebSite","@id":"https:\/\/www.turismoitinerante.com\/site\/#website","url":"https:\/\/www.turismoitinerante.com\/site\/","name":"TI - Turismo Itinerante","description":"Ritrovarsi su internet per informarsi, per informare. Il portale del turismo itinerante. Una infinit\u00e0 di notizie su camper, itinerari, aree sosta camper, concessionari, campeggi, agriturismo, raduni, sagre, fiere, mostre, associazioni, club, forum, bacheca annunci","potentialAction":[{"@type":"SearchAction","target":{"@type":"EntryPoint","urlTemplate":"https:\/\/www.turismoitinerante.com\/site\/?s={search_term_string}"},"query-input":{"@type":"PropertyValueSpecification","valueRequired":true,"valueName":"search_term_string"}}],"inLanguage":"it-IT"},{"@type":"Person","@id":"https:\/\/www.turismoitinerante.com\/site\/#\/schema\/person\/1e1238d2d1617438f3682e54bf4d6c05","name":"admin","image":{"@type":"ImageObject","inLanguage":"it-IT","@id":"https:\/\/secure.gravatar.com\/avatar\/9102d8c23b35e2809b07ebc42ce126daa3d6a47cce9878a22d14d9852ade629e?s=96&d=mm&r=g","url":"https:\/\/secure.gravatar.com\/avatar\/9102d8c23b35e2809b07ebc42ce126daa3d6a47cce9878a22d14d9852ade629e?s=96&d=mm&r=g","contentUrl":"https:\/\/secure.gravatar.com\/avatar\/9102d8c23b35e2809b07ebc42ce126daa3d6a47cce9878a22d14d9852ade629e?s=96&d=mm&r=g","caption":"admin"},"url":"https:\/\/www.turismoitinerante.com\/site\/author\/admin\/"}]}},"_links":{"self":[{"href":"https:\/\/www.turismoitinerante.com\/site\/wp-json\/wp\/v2\/posts\/28152","targetHints":{"allow":["GET"]}}],"collection":[{"href":"https:\/\/www.turismoitinerante.com\/site\/wp-json\/wp\/v2\/posts"}],"about":[{"href":"https:\/\/www.turismoitinerante.com\/site\/wp-json\/wp\/v2\/types\/post"}],"author":[{"embeddable":true,"href":"https:\/\/www.turismoitinerante.com\/site\/wp-json\/wp\/v2\/users\/1"}],"replies":[{"embeddable":true,"href":"https:\/\/www.turismoitinerante.com\/site\/wp-json\/wp\/v2\/comments?post=28152"}],"version-history":[{"count":1,"href":"https:\/\/www.turismoitinerante.com\/site\/wp-json\/wp\/v2\/posts\/28152\/revisions"}],"predecessor-version":[{"id":28155,"href":"https:\/\/www.turismoitinerante.com\/site\/wp-json\/wp\/v2\/posts\/28152\/revisions\/28155"}],"wp:featuredmedia":[{"embeddable":true,"href":"https:\/\/www.turismoitinerante.com\/site\/wp-json\/wp\/v2\/media\/28153"}],"wp:attachment":[{"href":"https:\/\/www.turismoitinerante.com\/site\/wp-json\/wp\/v2\/media?parent=28152"}],"wp:term":[{"taxonomy":"category","embeddable":true,"href":"https:\/\/www.turismoitinerante.com\/site\/wp-json\/wp\/v2\/categories?post=28152"},{"taxonomy":"post_tag","embeddable":true,"href":"https:\/\/www.turismoitinerante.com\/site\/wp-json\/wp\/v2\/tags?post=28152"}],"curies":[{"name":"wp","href":"https:\/\/api.w.org\/{rel}","templated":true}]}}