{"id":28073,"date":"2014-04-29T09:14:04","date_gmt":"2014-04-29T08:14:04","guid":{"rendered":"http:\/\/www.turismoitinerante.com\/site\/?p=28073"},"modified":"2014-04-29T16:24:36","modified_gmt":"2014-04-29T15:24:36","slug":"alla-scoperta-dellidentita-sebina-in-bicicletta-ruote-in-riva-al-lago-o-tra-i-vigneti-della-franciacorta","status":"publish","type":"post","link":"https:\/\/www.turismoitinerante.com\/site\/alla-scoperta-dellidentita-sebina-in-bicicletta-ruote-in-riva-al-lago-o-tra-i-vigneti-della-franciacorta\/","title":{"rendered":"Alla scoperta dell\u2019identit\u00e0 sebina in bicicletta, in riva al lago o tra i vigneti"},"content":{"rendered":"<h3>Gli itinerari su due ruote sul territorio del Lago d&#8217;Iseo e della Franciacorta coinvolto nel progetto &#8220;Sebino un&#8217;identit\u00e0 ritrovata&#8221;.<\/h3>\n<p>Sport, ma anche natura, bollicine e arte sono gli ingredienti per la primavera e l\u2019estate nel territorio della Comunit\u00e0 Montana del Sebino Bresciano. Da godere soprattutto su due ruote, in riva al lago o tra i vigneti della Franciacorta.<\/p>\n<p><a href=\"http:\/\/www.turismoitinerante.com\/site\/wp-content\/uploads\/2014\/04\/sebino-identita-ritrovata.jpg\"><img decoding=\"async\" class=\"aligncenter size-full wp-image-28074\" alt=\"Alla scoperta dell\u2019identit\u00e0 sebina in bicicletta ruote, in riva al lago o tra i vigneti della Franciacorta\" src=\"http:\/\/www.turismoitinerante.com\/site\/wp-content\/uploads\/2014\/04\/sebino-identita-ritrovata.jpg\" width=\"650\" height=\"330\" srcset=\"https:\/\/www.turismoitinerante.com\/site\/wp-content\/uploads\/2014\/04\/sebino-identita-ritrovata.jpg 650w, https:\/\/www.turismoitinerante.com\/site\/wp-content\/uploads\/2014\/04\/sebino-identita-ritrovata-300x152.jpg 300w, https:\/\/www.turismoitinerante.com\/site\/wp-content\/uploads\/2014\/04\/sebino-identita-ritrovata-400x203.jpg 400w\" sizes=\"(max-width: 650px) 100vw, 650px\" \/><\/a><\/p>\n<p>Con la primavera e l\u2019estate arrivano i momenti migliori per assaporare le molteplici offerte del territorio bresciano che si distende dalle rive del lago d\u2019Iseo alla Franciacorta su due ruote.<\/p>\n<p>Questo territorio &#8211; omogeneo dal punto di vista morfologico e urbanistico ma anche da quello storico e culturale, che oggi vive di una nuova identit\u00e0 ritrovata grazie all\u2019omonimo progetto, \u201cSebino, un\u2019identit\u00e0 ritrovata\u201d, che la Comunit\u00e0 Montana del Sebino Bresciano sta portando avanti, non senza l\u2019importante contributo della Fondazione Cariplo \u2013 ben si presta, infatti, al cicloturismo.<\/p>\n<p>In sella a una bicicletta si possono apprezzare, anche nello spazio di un solo weekend, ma sempre all\u2019insegna del viaggiare slow, gli ingredienti vincenti dell\u2019offerta territoriale: una natura capace di offrire scorci meravigliosi, tra lago, monti e vigneti, compreso anche uno tra i borghi pi\u00f9 belli d\u2019Italia, Monte Isola; un\u2019enogastronomia che ha saputo valorizzare prodotti tradizionali e che vanta prodotti di alto valore internazionale, come il Franciacorta e angoli dall\u2019alto valore artistico, e culturale. Tutto questo godendo degli inevitabili benefici dello sport all\u2019aria aperta.<\/p>\n<p>PEDALARE A FILO D\u2019ACQUA. Il fiore all\u2019occhiello del territorio in fatto di cicloturismo \u00e8 la Vello-Toline. La pista ciclopedonale, asfaltata, pianeggiante, larga e chiusa al traffico, prende il via dal\u00a0piccolo borgo di Vello di Marone, si snoda in riva al lago per circa 5 chilometri, tra il paesaggio\u00a0lacustre da un lato e le suggestive pareti rocciose dall\u2019altro, ombreggiata e a tratti ventosa,\u00a0terminando poco prima di Toline di Pisogne.<\/p>\n<p>\u00c8 parte della CIclovia dell\u2019Oglio, un progetto ambizioso che ha da poco visto la luce e che collega,\u00a0su due ruote, il Tonale al Po, costeggiando Oglio e Lago d\u2019Iseo. Proprio in occasione della pedalata\u00a0inaugurale della Ciclovia dell\u2019Oglio, in programma dal 31 maggio al 2 giugno, la Vello-Toline sar\u00e0,\u00a0oltre che parte del percorso, anche il teatro di una mostra-mercato con protagonisti indiscussi i\u00a0prodotti tipici del territorio e, a corollario, la presenza delle varie associazioni territoriali con le\u00a0loro offerte di artigianato e folklore.<\/p>\n<p>SULL\u2019ANTICA VIA VALERIANA. Gli amanti della mountain bike possono optare per l\u2019Antica Via\u00a0Valeriana, quella che fino al 1850 ha rappresentato l\u2019unica strada di collegamento tra Brescia e la\u00a0Valle Camonica.<\/p>\n<p>Il tracciato, lungo circa 25-30 chilometri, che da Pilzone conduce a Pisogne, \u00e8\u00a0segnalato da una \u201cV\u201d gialla e marrone, si sviluppa a quote relativamente basse e, grazie al mite\u00a0clima lacustre, \u00e8 fruibile tutto l\u2019anno, offrendo panorami mozzafiato ma anche perle storicoculturali:\u00a0Pisogne, con la quattrocentesca chiesa di Santa Maria della Neve, impreziosita da un\u00a0ciclo di affreschi del Romanino; Zone, dove oltre alla Chiesa di San Giorgio, recentemente\u00a0restaurata, \u00e8 possibile ammirare la riserva regionale del Parco delle Piramidi di erosione; Marone,\u00a0con l\u2019eremo duecentesco di San Pietro in Vinculis; Sale Marasino, dove si incontrano la secentesca\u00a0pieve di S. Antonio, il quattrocentesco Santuario della Madonna della Neve e la secentesca chiesa\u00a0di S. Giacomo; Sulzano e la piccola chiesa quattrocentesca di S. Fermo e infine il piccolo borgo di\u00a0Pilzone, frazione di Iseo.<\/p>\n<p>TOUR DI MONTE ISOLA. Borgo tra i pi\u00f9 belli d\u2019Italia e isola lacustre europea con pi\u00f9 ampia estensione, Monte Isola \u00e8 una meta ideale per i cicloturisti, tanto pi\u00f9 che vi sono bandite le automobili. Raggiungibile con i battelli della Navigazione Lago d\u2019Iseo (principalmente attraverso le tratte Sulzano \u2013 Peschiera Maraglio, Sale Marasino &#8211; Carzano e, d\u2019estate, con collegamenti diretti anche da Iseo, per Peschiera Maraglio e Sensole), con possibilit\u00e0 di trasporto biciclette, offre un percorso breve, il periplo, di circa 9 km, facilmente abbordabile con una qualsiasi bicicletta dotata di cambio.<\/p>\n<p>Si ha cos\u00ec modo di immergersi nella natura e incontrare alcune delle frazioni del comune, come le localit\u00e0 di pescatori Peschiera Maraglio e Carzano (in entrambi \u00e8 anche possibile noleggiare biciclette o tandem), dove continua da secoli la tradizione dell\u2019essiccazione e della conservazione sott\u2019olio del pesce.<\/p>\n<p>Per i pi\u00f9 arditi, dotati necessariamente di MTB, \u00e8 possibile anche la salita in bicicletta al Santuario della Madonna della Ceriola, da cui si domina tutto il Sebino.<\/p>\n<p>TRA I VIGNETI. In Franciacorta si contano numerosi e diversi ciclopercorsi che si snodano tra cantine, filari, localit\u00e0 storico-culturali fino al lago d\u2019Iseo, raggiungendo anche la riserva naturale delle Torbiere del Sebino. Un\u2019occasione non solo per gli amanti della bicicletta, ma anche per gli enoturisti.<\/p>\n<p>Nell\u2019ambito del progetto Sebino un\u2019identit\u00e0 ritrovata \u00e8 stato messo a punto un itinerario ad hoc di due giorni. Eccolo.<\/p>\n<p>Sport e natura in Franciacorta e Sebino\u00a0a partire da 155 euro a persona per gruppi di almeno 25 persone con noleggio biciclette &#8211; servizio guida per tour in bicicletta \u2013 guida per visita della chiesa di San Zenone \u2013 ingresso in cantina per visita guidata + degustazione \u2013 guida per secondo giorno \u2013 pranzo in ristorante \u2013 assicurazione.<br \/>\n(per info e prenotazioni: 030-6854301, gruppi@sebinoidentitaritrovata.it)<\/p>\n<p>Primo giorno: arrivo in mattinata a Iseo, e partenza con tour guidato tra i vigneti della Franciacorta. Segue visita a Monticelli Brusati e alla Chiesa di San Zenone, i cui affreschi sono stati da poco recuperati e riportati all\u2019originale splendore, e trasferimento in bicicletta a una delle numerose cantine dove sar\u00e0 possibile degustare le famose Bollicine, con rientro, sempre a due ruote, a Iseo.<\/p>\n<p>Il tour prosegue poi con un trasferimento in bus a Ome, con cena e pernottamento in hotel a 4 stelle. A Ome si trova il Borgo Medievale del Maglio, fucina del XV secolo, caratterizzata da una ruota idraulica funzionante che ancora oggi muove il maglio e che permette di assistere a dimostrazioni di lavorazione del ferro.<\/p>\n<p>Il secondo giorno \u00e8 previsto invece il trasferimento a Zone, dove si potr\u00e0 visitare, con l\u2019aiuto di una guida, la Chiesa di San Giorgio, anch\u2019essa recentemente restaurata, e quindi il Parco delle Piramidi di erosione, riserva Regionale in cui \u00e8 possibile ammirare colonne terrose, alte anche 30 metri, sormontate da larghi cappelli di roccia resistente, in bilico. Dopo il pranzo in un ristorante tipico, il rientro.<\/p>\n<p>Altri itinerari e maggiori dettagli su quello qui proposto sono disponibili sul sito del progetto: <strong><a href=\"http:\/\/www.sebinoidentitaritrovata.it\" target=\"_blank\">www.sebinoidentitaritrovata.it<\/a><\/strong><\/p>\n<p>&nbsp;<\/p>\n<div class=\"7863122cad8776726ec303240ed69aa5\" data-index=\"4\" style=\"float: none; margin:10px 0 10px 0; text-align:center;\">\n<script async src=\"\/\/pagead2.googlesyndication.com\/pagead\/js\/adsbygoogle.js\"><\/script>\r\n<!-- 728x90, creato 23\/02\/11 -->\r\n<ins class=\"adsbygoogle\"\r\n     style=\"display:inline-block;width:728px;height:90px\"\r\n     data-ad-client=\"ca-pub-5798583071070083\"\r\n     data-ad-slot=\"5935394872\"><\/ins>\r\n<script>\r\n(adsbygoogle = window.adsbygoogle || []).push({});\r\n<\/script>\n<\/div>\n\n<div style=\"font-size: 0px; height: 0px; line-height: 0px; margin: 0; padding: 0; clear: both;\"><\/div>","protected":false},"excerpt":{"rendered":"<p>Gli itinerari su due ruote sul territorio del Lago d&#8217;Iseo e della Franciacorta coinvolto nel progetto &#8220;Sebino un&#8217;identit\u00e0 ritrovata&#8221;. Sport, ma anche natura, bollicine e arte sono gli ingredienti per la primavera e l\u2019estate nel territorio della Comunit\u00e0 Montana del Sebino Bresciano. Da godere soprattutto su due ruote, in riva al lago o tra i [&hellip;]<\/p>\n","protected":false},"author":1,"featured_media":28074,"comment_status":"closed","ping_status":"open","sticky":false,"template":"","format":"standard","meta":{"ngg_post_thumbnail":0,"jnews-multi-image_gallery":[],"jnews_single_post":[],"jnews_primary_category":[],"jnews_override_counter":[],"footnotes":""},"categories":[621],"tags":[],"class_list":["post-28073","post","type-post","status-publish","format-standard","has-post-thumbnail","hentry","category-info-turismo"],"yoast_head":"<!-- This site is optimized with the Yoast SEO plugin v27.4 - https:\/\/yoast.com\/product\/yoast-seo-wordpress\/ -->\n<title>Alla scoperta dell\u2019identit\u00e0 sebina in bicicletta, in riva al lago o tra i vigneti  - TI - Turismo Itinerante<\/title>\n<meta name=\"robots\" content=\"index, follow, max-snippet:-1, max-image-preview:large, max-video-preview:-1\" \/>\n<link rel=\"canonical\" href=\"https:\/\/www.turismoitinerante.com\/site\/alla-scoperta-dellidentita-sebina-in-bicicletta-ruote-in-riva-al-lago-o-tra-i-vigneti-della-franciacorta\/\" \/>\n<meta property=\"og:locale\" content=\"it_IT\" \/>\n<meta property=\"og:type\" content=\"article\" \/>\n<meta property=\"og:title\" content=\"Alla scoperta dell\u2019identit\u00e0 sebina in bicicletta, in riva al lago o tra i vigneti  - TI - Turismo Itinerante\" \/>\n<meta property=\"og:description\" content=\"Gli itinerari su due ruote sul territorio del Lago d&#8217;Iseo e della Franciacorta coinvolto nel progetto &#8220;Sebino un&#8217;identit\u00e0 ritrovata&#8221;. Sport, ma anche natura, bollicine e arte sono gli ingredienti per la primavera e l\u2019estate nel territorio della Comunit\u00e0 Montana del Sebino Bresciano. Da godere soprattutto su due ruote, in riva al lago o tra i [&hellip;]\" \/>\n<meta property=\"og:url\" content=\"https:\/\/www.turismoitinerante.com\/site\/alla-scoperta-dellidentita-sebina-in-bicicletta-ruote-in-riva-al-lago-o-tra-i-vigneti-della-franciacorta\/\" \/>\n<meta property=\"og:site_name\" content=\"TI - Turismo Itinerante\" \/>\n<meta property=\"article:published_time\" content=\"2014-04-29T08:14:04+00:00\" \/>\n<meta property=\"article:modified_time\" content=\"2014-04-29T15:24:36+00:00\" \/>\n<meta property=\"og:image\" content=\"https:\/\/www.turismoitinerante.com\/site\/wp-content\/uploads\/2014\/04\/sebino-identita-ritrovata.jpg\" \/>\n\t<meta property=\"og:image:width\" content=\"650\" \/>\n\t<meta property=\"og:image:height\" content=\"330\" \/>\n\t<meta property=\"og:image:type\" content=\"image\/jpeg\" \/>\n<meta name=\"author\" content=\"admin\" \/>\n<meta name=\"twitter:card\" content=\"summary_large_image\" \/>\n<meta name=\"twitter:label1\" content=\"Scritto da\" \/>\n\t<meta name=\"twitter:data1\" content=\"admin\" \/>\n\t<meta name=\"twitter:label2\" content=\"Tempo di lettura stimato\" \/>\n\t<meta name=\"twitter:data2\" content=\"5 minuti\" \/>\n<script type=\"application\/ld+json\" class=\"yoast-schema-graph\">{\"@context\":\"https:\\\/\\\/schema.org\",\"@graph\":[{\"@type\":\"Article\",\"@id\":\"https:\\\/\\\/www.turismoitinerante.com\\\/site\\\/alla-scoperta-dellidentita-sebina-in-bicicletta-ruote-in-riva-al-lago-o-tra-i-vigneti-della-franciacorta\\\/#article\",\"isPartOf\":{\"@id\":\"https:\\\/\\\/www.turismoitinerante.com\\\/site\\\/alla-scoperta-dellidentita-sebina-in-bicicletta-ruote-in-riva-al-lago-o-tra-i-vigneti-della-franciacorta\\\/\"},\"author\":{\"name\":\"admin\",\"@id\":\"https:\\\/\\\/www.turismoitinerante.com\\\/site\\\/#\\\/schema\\\/person\\\/1e1238d2d1617438f3682e54bf4d6c05\"},\"headline\":\"Alla scoperta dell\u2019identit\u00e0 sebina in bicicletta, in riva al lago o tra i vigneti\",\"datePublished\":\"2014-04-29T08:14:04+00:00\",\"dateModified\":\"2014-04-29T15:24:36+00:00\",\"mainEntityOfPage\":{\"@id\":\"https:\\\/\\\/www.turismoitinerante.com\\\/site\\\/alla-scoperta-dellidentita-sebina-in-bicicletta-ruote-in-riva-al-lago-o-tra-i-vigneti-della-franciacorta\\\/\"},\"wordCount\":1076,\"image\":{\"@id\":\"https:\\\/\\\/www.turismoitinerante.com\\\/site\\\/alla-scoperta-dellidentita-sebina-in-bicicletta-ruote-in-riva-al-lago-o-tra-i-vigneti-della-franciacorta\\\/#primaryimage\"},\"thumbnailUrl\":\"https:\\\/\\\/www.turismoitinerante.com\\\/site\\\/wp-content\\\/uploads\\\/2014\\\/04\\\/sebino-identita-ritrovata.jpg\",\"articleSection\":[\"Turismo\"],\"inLanguage\":\"it-IT\"},{\"@type\":\"WebPage\",\"@id\":\"https:\\\/\\\/www.turismoitinerante.com\\\/site\\\/alla-scoperta-dellidentita-sebina-in-bicicletta-ruote-in-riva-al-lago-o-tra-i-vigneti-della-franciacorta\\\/\",\"url\":\"https:\\\/\\\/www.turismoitinerante.com\\\/site\\\/alla-scoperta-dellidentita-sebina-in-bicicletta-ruote-in-riva-al-lago-o-tra-i-vigneti-della-franciacorta\\\/\",\"name\":\"Alla scoperta dell\u2019identit\u00e0 sebina in bicicletta, in riva al lago o tra i vigneti - TI - Turismo Itinerante\",\"isPartOf\":{\"@id\":\"https:\\\/\\\/www.turismoitinerante.com\\\/site\\\/#website\"},\"primaryImageOfPage\":{\"@id\":\"https:\\\/\\\/www.turismoitinerante.com\\\/site\\\/alla-scoperta-dellidentita-sebina-in-bicicletta-ruote-in-riva-al-lago-o-tra-i-vigneti-della-franciacorta\\\/#primaryimage\"},\"image\":{\"@id\":\"https:\\\/\\\/www.turismoitinerante.com\\\/site\\\/alla-scoperta-dellidentita-sebina-in-bicicletta-ruote-in-riva-al-lago-o-tra-i-vigneti-della-franciacorta\\\/#primaryimage\"},\"thumbnailUrl\":\"https:\\\/\\\/www.turismoitinerante.com\\\/site\\\/wp-content\\\/uploads\\\/2014\\\/04\\\/sebino-identita-ritrovata.jpg\",\"datePublished\":\"2014-04-29T08:14:04+00:00\",\"dateModified\":\"2014-04-29T15:24:36+00:00\",\"author\":{\"@id\":\"https:\\\/\\\/www.turismoitinerante.com\\\/site\\\/#\\\/schema\\\/person\\\/1e1238d2d1617438f3682e54bf4d6c05\"},\"breadcrumb\":{\"@id\":\"https:\\\/\\\/www.turismoitinerante.com\\\/site\\\/alla-scoperta-dellidentita-sebina-in-bicicletta-ruote-in-riva-al-lago-o-tra-i-vigneti-della-franciacorta\\\/#breadcrumb\"},\"inLanguage\":\"it-IT\",\"potentialAction\":[{\"@type\":\"ReadAction\",\"target\":[\"https:\\\/\\\/www.turismoitinerante.com\\\/site\\\/alla-scoperta-dellidentita-sebina-in-bicicletta-ruote-in-riva-al-lago-o-tra-i-vigneti-della-franciacorta\\\/\"]}]},{\"@type\":\"ImageObject\",\"inLanguage\":\"it-IT\",\"@id\":\"https:\\\/\\\/www.turismoitinerante.com\\\/site\\\/alla-scoperta-dellidentita-sebina-in-bicicletta-ruote-in-riva-al-lago-o-tra-i-vigneti-della-franciacorta\\\/#primaryimage\",\"url\":\"https:\\\/\\\/www.turismoitinerante.com\\\/site\\\/wp-content\\\/uploads\\\/2014\\\/04\\\/sebino-identita-ritrovata.jpg\",\"contentUrl\":\"https:\\\/\\\/www.turismoitinerante.com\\\/site\\\/wp-content\\\/uploads\\\/2014\\\/04\\\/sebino-identita-ritrovata.jpg\",\"width\":650,\"height\":330,\"caption\":\"Alla scoperta dell\u2019identit\u00e0 sebina in bicicletta ruote, in riva al lago o tra i vigneti della Franciacorta\"},{\"@type\":\"BreadcrumbList\",\"@id\":\"https:\\\/\\\/www.turismoitinerante.com\\\/site\\\/alla-scoperta-dellidentita-sebina-in-bicicletta-ruote-in-riva-al-lago-o-tra-i-vigneti-della-franciacorta\\\/#breadcrumb\",\"itemListElement\":[{\"@type\":\"ListItem\",\"position\":1,\"name\":\"Home\",\"item\":\"https:\\\/\\\/www.turismoitinerante.com\\\/site\\\/\"},{\"@type\":\"ListItem\",\"position\":2,\"name\":\"Alla scoperta dell\u2019identit\u00e0 sebina in bicicletta, in riva al lago o tra i vigneti\"}]},{\"@type\":\"WebSite\",\"@id\":\"https:\\\/\\\/www.turismoitinerante.com\\\/site\\\/#website\",\"url\":\"https:\\\/\\\/www.turismoitinerante.com\\\/site\\\/\",\"name\":\"TI - Turismo Itinerante\",\"description\":\"Ritrovarsi su internet per informarsi, per informare. Il portale del turismo itinerante. Una infinit\u00e0 di notizie su camper, itinerari, aree sosta camper, concessionari, campeggi, agriturismo, raduni, sagre, fiere, mostre, associazioni, club, forum, bacheca annunci\",\"potentialAction\":[{\"@type\":\"SearchAction\",\"target\":{\"@type\":\"EntryPoint\",\"urlTemplate\":\"https:\\\/\\\/www.turismoitinerante.com\\\/site\\\/?s={search_term_string}\"},\"query-input\":{\"@type\":\"PropertyValueSpecification\",\"valueRequired\":true,\"valueName\":\"search_term_string\"}}],\"inLanguage\":\"it-IT\"},{\"@type\":\"Person\",\"@id\":\"https:\\\/\\\/www.turismoitinerante.com\\\/site\\\/#\\\/schema\\\/person\\\/1e1238d2d1617438f3682e54bf4d6c05\",\"name\":\"admin\",\"image\":{\"@type\":\"ImageObject\",\"inLanguage\":\"it-IT\",\"@id\":\"https:\\\/\\\/secure.gravatar.com\\\/avatar\\\/9102d8c23b35e2809b07ebc42ce126daa3d6a47cce9878a22d14d9852ade629e?s=96&d=mm&r=g\",\"url\":\"https:\\\/\\\/secure.gravatar.com\\\/avatar\\\/9102d8c23b35e2809b07ebc42ce126daa3d6a47cce9878a22d14d9852ade629e?s=96&d=mm&r=g\",\"contentUrl\":\"https:\\\/\\\/secure.gravatar.com\\\/avatar\\\/9102d8c23b35e2809b07ebc42ce126daa3d6a47cce9878a22d14d9852ade629e?s=96&d=mm&r=g\",\"caption\":\"admin\"},\"url\":\"https:\\\/\\\/www.turismoitinerante.com\\\/site\\\/author\\\/admin\\\/\"}]}<\/script>\n<!-- \/ Yoast SEO plugin. -->","yoast_head_json":{"title":"Alla scoperta dell\u2019identit\u00e0 sebina in bicicletta, in riva al lago o tra i vigneti  - TI - Turismo Itinerante","robots":{"index":"index","follow":"follow","max-snippet":"max-snippet:-1","max-image-preview":"max-image-preview:large","max-video-preview":"max-video-preview:-1"},"canonical":"https:\/\/www.turismoitinerante.com\/site\/alla-scoperta-dellidentita-sebina-in-bicicletta-ruote-in-riva-al-lago-o-tra-i-vigneti-della-franciacorta\/","og_locale":"it_IT","og_type":"article","og_title":"Alla scoperta dell\u2019identit\u00e0 sebina in bicicletta, in riva al lago o tra i vigneti  - TI - Turismo Itinerante","og_description":"Gli itinerari su due ruote sul territorio del Lago d&#8217;Iseo e della Franciacorta coinvolto nel progetto &#8220;Sebino un&#8217;identit\u00e0 ritrovata&#8221;. Sport, ma anche natura, bollicine e arte sono gli ingredienti per la primavera e l\u2019estate nel territorio della Comunit\u00e0 Montana del Sebino Bresciano. Da godere soprattutto su due ruote, in riva al lago o tra i [&hellip;]","og_url":"https:\/\/www.turismoitinerante.com\/site\/alla-scoperta-dellidentita-sebina-in-bicicletta-ruote-in-riva-al-lago-o-tra-i-vigneti-della-franciacorta\/","og_site_name":"TI - Turismo Itinerante","article_published_time":"2014-04-29T08:14:04+00:00","article_modified_time":"2014-04-29T15:24:36+00:00","og_image":[{"width":650,"height":330,"url":"https:\/\/www.turismoitinerante.com\/site\/wp-content\/uploads\/2014\/04\/sebino-identita-ritrovata.jpg","type":"image\/jpeg"}],"author":"admin","twitter_card":"summary_large_image","twitter_misc":{"Scritto da":"admin","Tempo di lettura stimato":"5 minuti"},"schema":{"@context":"https:\/\/schema.org","@graph":[{"@type":"Article","@id":"https:\/\/www.turismoitinerante.com\/site\/alla-scoperta-dellidentita-sebina-in-bicicletta-ruote-in-riva-al-lago-o-tra-i-vigneti-della-franciacorta\/#article","isPartOf":{"@id":"https:\/\/www.turismoitinerante.com\/site\/alla-scoperta-dellidentita-sebina-in-bicicletta-ruote-in-riva-al-lago-o-tra-i-vigneti-della-franciacorta\/"},"author":{"name":"admin","@id":"https:\/\/www.turismoitinerante.com\/site\/#\/schema\/person\/1e1238d2d1617438f3682e54bf4d6c05"},"headline":"Alla scoperta dell\u2019identit\u00e0 sebina in bicicletta, in riva al lago o tra i vigneti","datePublished":"2014-04-29T08:14:04+00:00","dateModified":"2014-04-29T15:24:36+00:00","mainEntityOfPage":{"@id":"https:\/\/www.turismoitinerante.com\/site\/alla-scoperta-dellidentita-sebina-in-bicicletta-ruote-in-riva-al-lago-o-tra-i-vigneti-della-franciacorta\/"},"wordCount":1076,"image":{"@id":"https:\/\/www.turismoitinerante.com\/site\/alla-scoperta-dellidentita-sebina-in-bicicletta-ruote-in-riva-al-lago-o-tra-i-vigneti-della-franciacorta\/#primaryimage"},"thumbnailUrl":"https:\/\/www.turismoitinerante.com\/site\/wp-content\/uploads\/2014\/04\/sebino-identita-ritrovata.jpg","articleSection":["Turismo"],"inLanguage":"it-IT"},{"@type":"WebPage","@id":"https:\/\/www.turismoitinerante.com\/site\/alla-scoperta-dellidentita-sebina-in-bicicletta-ruote-in-riva-al-lago-o-tra-i-vigneti-della-franciacorta\/","url":"https:\/\/www.turismoitinerante.com\/site\/alla-scoperta-dellidentita-sebina-in-bicicletta-ruote-in-riva-al-lago-o-tra-i-vigneti-della-franciacorta\/","name":"Alla scoperta dell\u2019identit\u00e0 sebina in bicicletta, in riva al lago o tra i vigneti - TI - Turismo Itinerante","isPartOf":{"@id":"https:\/\/www.turismoitinerante.com\/site\/#website"},"primaryImageOfPage":{"@id":"https:\/\/www.turismoitinerante.com\/site\/alla-scoperta-dellidentita-sebina-in-bicicletta-ruote-in-riva-al-lago-o-tra-i-vigneti-della-franciacorta\/#primaryimage"},"image":{"@id":"https:\/\/www.turismoitinerante.com\/site\/alla-scoperta-dellidentita-sebina-in-bicicletta-ruote-in-riva-al-lago-o-tra-i-vigneti-della-franciacorta\/#primaryimage"},"thumbnailUrl":"https:\/\/www.turismoitinerante.com\/site\/wp-content\/uploads\/2014\/04\/sebino-identita-ritrovata.jpg","datePublished":"2014-04-29T08:14:04+00:00","dateModified":"2014-04-29T15:24:36+00:00","author":{"@id":"https:\/\/www.turismoitinerante.com\/site\/#\/schema\/person\/1e1238d2d1617438f3682e54bf4d6c05"},"breadcrumb":{"@id":"https:\/\/www.turismoitinerante.com\/site\/alla-scoperta-dellidentita-sebina-in-bicicletta-ruote-in-riva-al-lago-o-tra-i-vigneti-della-franciacorta\/#breadcrumb"},"inLanguage":"it-IT","potentialAction":[{"@type":"ReadAction","target":["https:\/\/www.turismoitinerante.com\/site\/alla-scoperta-dellidentita-sebina-in-bicicletta-ruote-in-riva-al-lago-o-tra-i-vigneti-della-franciacorta\/"]}]},{"@type":"ImageObject","inLanguage":"it-IT","@id":"https:\/\/www.turismoitinerante.com\/site\/alla-scoperta-dellidentita-sebina-in-bicicletta-ruote-in-riva-al-lago-o-tra-i-vigneti-della-franciacorta\/#primaryimage","url":"https:\/\/www.turismoitinerante.com\/site\/wp-content\/uploads\/2014\/04\/sebino-identita-ritrovata.jpg","contentUrl":"https:\/\/www.turismoitinerante.com\/site\/wp-content\/uploads\/2014\/04\/sebino-identita-ritrovata.jpg","width":650,"height":330,"caption":"Alla scoperta dell\u2019identit\u00e0 sebina in bicicletta ruote, in riva al lago o tra i vigneti della Franciacorta"},{"@type":"BreadcrumbList","@id":"https:\/\/www.turismoitinerante.com\/site\/alla-scoperta-dellidentita-sebina-in-bicicletta-ruote-in-riva-al-lago-o-tra-i-vigneti-della-franciacorta\/#breadcrumb","itemListElement":[{"@type":"ListItem","position":1,"name":"Home","item":"https:\/\/www.turismoitinerante.com\/site\/"},{"@type":"ListItem","position":2,"name":"Alla scoperta dell\u2019identit\u00e0 sebina in bicicletta, in riva al lago o tra i vigneti"}]},{"@type":"WebSite","@id":"https:\/\/www.turismoitinerante.com\/site\/#website","url":"https:\/\/www.turismoitinerante.com\/site\/","name":"TI - Turismo Itinerante","description":"Ritrovarsi su internet per informarsi, per informare. Il portale del turismo itinerante. Una infinit\u00e0 di notizie su camper, itinerari, aree sosta camper, concessionari, campeggi, agriturismo, raduni, sagre, fiere, mostre, associazioni, club, forum, bacheca annunci","potentialAction":[{"@type":"SearchAction","target":{"@type":"EntryPoint","urlTemplate":"https:\/\/www.turismoitinerante.com\/site\/?s={search_term_string}"},"query-input":{"@type":"PropertyValueSpecification","valueRequired":true,"valueName":"search_term_string"}}],"inLanguage":"it-IT"},{"@type":"Person","@id":"https:\/\/www.turismoitinerante.com\/site\/#\/schema\/person\/1e1238d2d1617438f3682e54bf4d6c05","name":"admin","image":{"@type":"ImageObject","inLanguage":"it-IT","@id":"https:\/\/secure.gravatar.com\/avatar\/9102d8c23b35e2809b07ebc42ce126daa3d6a47cce9878a22d14d9852ade629e?s=96&d=mm&r=g","url":"https:\/\/secure.gravatar.com\/avatar\/9102d8c23b35e2809b07ebc42ce126daa3d6a47cce9878a22d14d9852ade629e?s=96&d=mm&r=g","contentUrl":"https:\/\/secure.gravatar.com\/avatar\/9102d8c23b35e2809b07ebc42ce126daa3d6a47cce9878a22d14d9852ade629e?s=96&d=mm&r=g","caption":"admin"},"url":"https:\/\/www.turismoitinerante.com\/site\/author\/admin\/"}]}},"_links":{"self":[{"href":"https:\/\/www.turismoitinerante.com\/site\/wp-json\/wp\/v2\/posts\/28073","targetHints":{"allow":["GET"]}}],"collection":[{"href":"https:\/\/www.turismoitinerante.com\/site\/wp-json\/wp\/v2\/posts"}],"about":[{"href":"https:\/\/www.turismoitinerante.com\/site\/wp-json\/wp\/v2\/types\/post"}],"author":[{"embeddable":true,"href":"https:\/\/www.turismoitinerante.com\/site\/wp-json\/wp\/v2\/users\/1"}],"replies":[{"embeddable":true,"href":"https:\/\/www.turismoitinerante.com\/site\/wp-json\/wp\/v2\/comments?post=28073"}],"version-history":[{"count":3,"href":"https:\/\/www.turismoitinerante.com\/site\/wp-json\/wp\/v2\/posts\/28073\/revisions"}],"predecessor-version":[{"id":28077,"href":"https:\/\/www.turismoitinerante.com\/site\/wp-json\/wp\/v2\/posts\/28073\/revisions\/28077"}],"wp:featuredmedia":[{"embeddable":true,"href":"https:\/\/www.turismoitinerante.com\/site\/wp-json\/wp\/v2\/media\/28074"}],"wp:attachment":[{"href":"https:\/\/www.turismoitinerante.com\/site\/wp-json\/wp\/v2\/media?parent=28073"}],"wp:term":[{"taxonomy":"category","embeddable":true,"href":"https:\/\/www.turismoitinerante.com\/site\/wp-json\/wp\/v2\/categories?post=28073"},{"taxonomy":"post_tag","embeddable":true,"href":"https:\/\/www.turismoitinerante.com\/site\/wp-json\/wp\/v2\/tags?post=28073"}],"curies":[{"name":"wp","href":"https:\/\/api.w.org\/{rel}","templated":true}]}}