{"id":28046,"date":"2014-04-28T14:31:03","date_gmt":"2014-04-28T13:31:03","guid":{"rendered":"http:\/\/www.turismoitinerante.com\/site\/?p=28046"},"modified":"2014-04-28T14:31:03","modified_gmt":"2014-04-28T13:31:03","slug":"paganico-sabino-festeggia-il-primo-maggio-con-la-sagra-dei-vertuti","status":"publish","type":"post","link":"https:\/\/www.turismoitinerante.com\/site\/paganico-sabino-festeggia-il-primo-maggio-con-la-sagra-dei-vertuti\/","title":{"rendered":"Paganico Sabino festeggia il Primo Maggio con la Sagra dei Vertuti"},"content":{"rendered":"<p>Il ritorno alla vita e la rinascita: \u00e8 l\u2019allegoria del Calendimaggio, la festa che nei secoli passati salutava l\u2019arrivo della buona stagione dopo il rigido inverno. Una festa tipica di una\u00a0\u00a0\u00a0tradizione contadina che \u00e8 ancora fortemente radicata nel borgo di Paganico Sabino, fra i\u00a0\u00a0\u00a0pi\u00f9 antichi della Valle del Turano.<\/p>\n<p>Qui<strong> il primo maggio fra tradizioni, storie e leggende, ma anche riti pagani e prelibatezze locali, si celebra il \u201cKal\u00e8nnem\u00e0ju\u201d e si festeggia con la Sagra dei Vertuti.<\/strong><\/p>\n<p><a href=\"http:\/\/www.turismoitinerante.com\/site\/wp-content\/uploads\/2014\/04\/LOCANDINA-PAGANICO-SABINO.jpg\"><img decoding=\"async\" class=\"alignleft size-full wp-image-28047\" alt=\"Kal\u00e8nnem\u00e0ju2012\" src=\"http:\/\/www.turismoitinerante.com\/site\/wp-content\/uploads\/2014\/04\/LOCANDINA-PAGANICO-SABINO.jpg\" width=\"300\" height=\"234\" \/><\/a>\u201cSan F\u00e9l\u00ecppu e J\u00e0ku, faccio a Kal\u00e8nnem\u00e0ju, se m\u00f2ro affonno, se n\u00f2 ritorno\u201d: \u00e8 con questi versi che gli abitanti del luogo e i visitatori daranno il via al rito al quale i nostri antenati, timorosi di Madre Natura, facevano riferimento per trarre le sorti della propria esistenza. Rigorosamente digiuni, immergeranno tre ghiere di noci in un bicchiere colmo di vino pronunciando l\u2019arcano rito: se le noci resteranno a galla, quella in arrivo sar\u00e0 un\u2019ottima stagione.<\/p>\n<p>La festa si sposter\u00e0 poi a tavola con la 24\u00b0 edizione della Sagra dei Vertuti, una zuppa di legumi e cereali (fagioli, ceci, fave, grano, granturco) aromatizzata con foglioline di timo selvatico e condita con l\u2019olio d\u2019oliva della Sabina: un altro piatto legato ai tradizionali riti primaverili rivolti come ringraziamento agli dei per la fecondit\u00e0 della terra, che sar\u00e0 servito insieme ai maccheroni al pomodoro, alle salsicce, alle bruschetta e ovviamente al vino.<\/p>\n<p>Dopo il ricco pranzo al centro diurno, coperto da grandi tensostrutture, i visitatori potranno curiosare fra gli stand dei prodotti tipici che riempiranno il centro storico, visitare la Mostra di Arredi Sacri e Contadini o ancora assistere agli spettacoli di musica popolare dal vivo con il gruppo \u201cEco tra i torrioni\u201d, mentre per i pi\u00f9 piccoli \u00e8 in programma la seconda edizione del torneo di calcetto \u201cKal\u00e8nnem\u00e0ju 2014\u201d.<\/p>\n<p>Ma raggiungere Paganico Sabino il 1\u00b0 maggio rappresenta una buona occasione anche per scoprire un borgo dal fascino magico\u00a0che sorge sulle sponde del Lago del Turano, creato artificialmente nel 1939 attraverso la realizzazione di una diga sull\u2019omonimo fiume e collegato al Lago del Salto da una galleria lunga 9 km.\u00a0Tra la Riserva Naturale Monte Cervia e il Monte Navegna, il paese sorge tra boschi di querce, castagneti popolati da esemplari secolari di rara bellezza e faggeti che lasciano spazio ad ampie praterie.<\/p>\n<p>L\u2019aspetto del borgo \u2013 le cui notizie pi\u00f9 remote risalgono al 852 \u2013 \u00e8 quello di un \u201ccastrum\u201d medioevale, con l\u2019ingresso segnato da due porte che conducono tramite strettissime viuzze al cuore del paese. Paganico Sabino \u00e8 dominata dalla chiesa di Santa Maria dell\u2019Annunciazione, mentre meritano una visita anche la parrocchiale San Nicola e la chiesa di San Giovanni Battista, nella cui facciata esterna sono murati quattro frammenti di Pluteo che sembrano far parte di un unico complesso decorativo di epoca altomedievale.<\/p>\n<p>Nel territorio di Paganico sorge la suggestiva \u201cPietra Scritta\u201d, il monumento funerario della famiglia dei Muttini risalente alla seconda met\u00e0 del I secolo a.C. La \u201cPietra Scritta\u201d, insieme ad altri reperti archeologici rinvenuti recentemente sulla cima del monte Cervia, testimonia la remota antichit\u00e0 degli insediamenti romani nella Valle del Turano.<\/p>\n<p>Info \u2013 3408505381<\/p>\n<p>Localit\u00e0 \u2013 Paganico Sabino \u2013 Rieti \u2013 Lazio &#8211; centro storico<\/p>\n<p>Facebook &#8211; <a href=\"http:\/\/www.facebook.com\/pages\/Fuoriporta\/443250589045999?bookmark_t=page\">http:\/\/www.facebook.com\/pages\/Fuoriporta\/443250589045999?bookmark_t=page<\/a><br \/>\nDate \u2013 1 Maggio 2014<\/p>\n<div class=\"7863122cad8776726ec303240ed69aa5\" data-index=\"4\" style=\"float: none; margin:10px 0 10px 0; text-align:center;\">\n<script async src=\"\/\/pagead2.googlesyndication.com\/pagead\/js\/adsbygoogle.js\"><\/script>\r\n<!-- 728x90, creato 23\/02\/11 -->\r\n<ins class=\"adsbygoogle\"\r\n     style=\"display:inline-block;width:728px;height:90px\"\r\n     data-ad-client=\"ca-pub-5798583071070083\"\r\n     data-ad-slot=\"5935394872\"><\/ins>\r\n<script>\r\n(adsbygoogle = window.adsbygoogle || []).push({});\r\n<\/script>\n<\/div>\n\n<div style=\"font-size: 0px; height: 0px; line-height: 0px; margin: 0; padding: 0; clear: both;\"><\/div>","protected":false},"excerpt":{"rendered":"<p>Il ritorno alla vita e la rinascita: \u00e8 l\u2019allegoria del Calendimaggio, la festa che nei secoli passati salutava l\u2019arrivo della buona stagione dopo il rigido inverno. Una festa tipica di una\u00a0\u00a0\u00a0tradizione contadina che \u00e8 ancora fortemente radicata nel borgo di Paganico Sabino, fra i\u00a0\u00a0\u00a0pi\u00f9 antichi della Valle del Turano. Qui il primo maggio fra tradizioni, [&hellip;]<\/p>\n","protected":false},"author":1,"featured_media":28047,"comment_status":"closed","ping_status":"open","sticky":false,"template":"","format":"standard","meta":{"ngg_post_thumbnail":0,"jnews-multi-image_gallery":[],"jnews_single_post":[],"jnews_primary_category":[],"jnews_override_counter":[],"footnotes":""},"categories":[621],"tags":[],"class_list":["post-28046","post","type-post","status-publish","format-standard","has-post-thumbnail","hentry","category-info-turismo"],"yoast_head":"<!-- This site is optimized with the Yoast SEO plugin v27.4 - https:\/\/yoast.com\/product\/yoast-seo-wordpress\/ -->\n<title>Paganico Sabino festeggia il Primo Maggio con la Sagra dei Vertuti - TI - Turismo Itinerante<\/title>\n<meta name=\"robots\" content=\"index, follow, max-snippet:-1, max-image-preview:large, max-video-preview:-1\" \/>\n<link rel=\"canonical\" href=\"https:\/\/www.turismoitinerante.com\/site\/paganico-sabino-festeggia-il-primo-maggio-con-la-sagra-dei-vertuti\/\" \/>\n<meta property=\"og:locale\" content=\"it_IT\" \/>\n<meta property=\"og:type\" content=\"article\" \/>\n<meta property=\"og:title\" content=\"Paganico Sabino festeggia il Primo Maggio con la Sagra dei Vertuti - TI - Turismo Itinerante\" \/>\n<meta property=\"og:description\" content=\"Il ritorno alla vita e la rinascita: \u00e8 l\u2019allegoria del Calendimaggio, la festa che nei secoli passati salutava l\u2019arrivo della buona stagione dopo il rigido inverno. Una festa tipica di una\u00a0\u00a0\u00a0tradizione contadina che \u00e8 ancora fortemente radicata nel borgo di Paganico Sabino, fra i\u00a0\u00a0\u00a0pi\u00f9 antichi della Valle del Turano. Qui il primo maggio fra tradizioni, [&hellip;]\" \/>\n<meta property=\"og:url\" content=\"https:\/\/www.turismoitinerante.com\/site\/paganico-sabino-festeggia-il-primo-maggio-con-la-sagra-dei-vertuti\/\" \/>\n<meta property=\"og:site_name\" content=\"TI - Turismo Itinerante\" \/>\n<meta property=\"article:published_time\" content=\"2014-04-28T13:31:03+00:00\" \/>\n<meta property=\"og:image\" content=\"https:\/\/www.turismoitinerante.com\/site\/wp-content\/uploads\/2014\/04\/LOCANDINA-PAGANICO-SABINO.jpg\" \/>\n\t<meta property=\"og:image:width\" content=\"300\" \/>\n\t<meta property=\"og:image:height\" content=\"234\" \/>\n\t<meta property=\"og:image:type\" content=\"image\/jpeg\" \/>\n<meta name=\"author\" content=\"admin\" \/>\n<meta name=\"twitter:card\" content=\"summary_large_image\" \/>\n<meta name=\"twitter:label1\" content=\"Scritto da\" \/>\n\t<meta name=\"twitter:data1\" content=\"admin\" \/>\n\t<meta name=\"twitter:label2\" content=\"Tempo di lettura stimato\" \/>\n\t<meta name=\"twitter:data2\" content=\"3 minuti\" \/>\n<script type=\"application\/ld+json\" class=\"yoast-schema-graph\">{\"@context\":\"https:\\\/\\\/schema.org\",\"@graph\":[{\"@type\":\"Article\",\"@id\":\"https:\\\/\\\/www.turismoitinerante.com\\\/site\\\/paganico-sabino-festeggia-il-primo-maggio-con-la-sagra-dei-vertuti\\\/#article\",\"isPartOf\":{\"@id\":\"https:\\\/\\\/www.turismoitinerante.com\\\/site\\\/paganico-sabino-festeggia-il-primo-maggio-con-la-sagra-dei-vertuti\\\/\"},\"author\":{\"name\":\"admin\",\"@id\":\"https:\\\/\\\/www.turismoitinerante.com\\\/site\\\/#\\\/schema\\\/person\\\/1e1238d2d1617438f3682e54bf4d6c05\"},\"headline\":\"Paganico Sabino festeggia il Primo Maggio con la Sagra dei Vertuti\",\"datePublished\":\"2014-04-28T13:31:03+00:00\",\"mainEntityOfPage\":{\"@id\":\"https:\\\/\\\/www.turismoitinerante.com\\\/site\\\/paganico-sabino-festeggia-il-primo-maggio-con-la-sagra-dei-vertuti\\\/\"},\"wordCount\":552,\"image\":{\"@id\":\"https:\\\/\\\/www.turismoitinerante.com\\\/site\\\/paganico-sabino-festeggia-il-primo-maggio-con-la-sagra-dei-vertuti\\\/#primaryimage\"},\"thumbnailUrl\":\"https:\\\/\\\/www.turismoitinerante.com\\\/site\\\/wp-content\\\/uploads\\\/2014\\\/04\\\/LOCANDINA-PAGANICO-SABINO.jpg\",\"articleSection\":[\"Turismo\"],\"inLanguage\":\"it-IT\"},{\"@type\":\"WebPage\",\"@id\":\"https:\\\/\\\/www.turismoitinerante.com\\\/site\\\/paganico-sabino-festeggia-il-primo-maggio-con-la-sagra-dei-vertuti\\\/\",\"url\":\"https:\\\/\\\/www.turismoitinerante.com\\\/site\\\/paganico-sabino-festeggia-il-primo-maggio-con-la-sagra-dei-vertuti\\\/\",\"name\":\"Paganico Sabino festeggia il Primo Maggio con la Sagra dei Vertuti - TI - Turismo Itinerante\",\"isPartOf\":{\"@id\":\"https:\\\/\\\/www.turismoitinerante.com\\\/site\\\/#website\"},\"primaryImageOfPage\":{\"@id\":\"https:\\\/\\\/www.turismoitinerante.com\\\/site\\\/paganico-sabino-festeggia-il-primo-maggio-con-la-sagra-dei-vertuti\\\/#primaryimage\"},\"image\":{\"@id\":\"https:\\\/\\\/www.turismoitinerante.com\\\/site\\\/paganico-sabino-festeggia-il-primo-maggio-con-la-sagra-dei-vertuti\\\/#primaryimage\"},\"thumbnailUrl\":\"https:\\\/\\\/www.turismoitinerante.com\\\/site\\\/wp-content\\\/uploads\\\/2014\\\/04\\\/LOCANDINA-PAGANICO-SABINO.jpg\",\"datePublished\":\"2014-04-28T13:31:03+00:00\",\"author\":{\"@id\":\"https:\\\/\\\/www.turismoitinerante.com\\\/site\\\/#\\\/schema\\\/person\\\/1e1238d2d1617438f3682e54bf4d6c05\"},\"breadcrumb\":{\"@id\":\"https:\\\/\\\/www.turismoitinerante.com\\\/site\\\/paganico-sabino-festeggia-il-primo-maggio-con-la-sagra-dei-vertuti\\\/#breadcrumb\"},\"inLanguage\":\"it-IT\",\"potentialAction\":[{\"@type\":\"ReadAction\",\"target\":[\"https:\\\/\\\/www.turismoitinerante.com\\\/site\\\/paganico-sabino-festeggia-il-primo-maggio-con-la-sagra-dei-vertuti\\\/\"]}]},{\"@type\":\"ImageObject\",\"inLanguage\":\"it-IT\",\"@id\":\"https:\\\/\\\/www.turismoitinerante.com\\\/site\\\/paganico-sabino-festeggia-il-primo-maggio-con-la-sagra-dei-vertuti\\\/#primaryimage\",\"url\":\"https:\\\/\\\/www.turismoitinerante.com\\\/site\\\/wp-content\\\/uploads\\\/2014\\\/04\\\/LOCANDINA-PAGANICO-SABINO.jpg\",\"contentUrl\":\"https:\\\/\\\/www.turismoitinerante.com\\\/site\\\/wp-content\\\/uploads\\\/2014\\\/04\\\/LOCANDINA-PAGANICO-SABINO.jpg\",\"width\":300,\"height\":234},{\"@type\":\"BreadcrumbList\",\"@id\":\"https:\\\/\\\/www.turismoitinerante.com\\\/site\\\/paganico-sabino-festeggia-il-primo-maggio-con-la-sagra-dei-vertuti\\\/#breadcrumb\",\"itemListElement\":[{\"@type\":\"ListItem\",\"position\":1,\"name\":\"Home\",\"item\":\"https:\\\/\\\/www.turismoitinerante.com\\\/site\\\/\"},{\"@type\":\"ListItem\",\"position\":2,\"name\":\"Paganico Sabino festeggia il Primo Maggio con la Sagra dei Vertuti\"}]},{\"@type\":\"WebSite\",\"@id\":\"https:\\\/\\\/www.turismoitinerante.com\\\/site\\\/#website\",\"url\":\"https:\\\/\\\/www.turismoitinerante.com\\\/site\\\/\",\"name\":\"TI - Turismo Itinerante\",\"description\":\"Ritrovarsi su internet per informarsi, per informare. Il portale del turismo itinerante. Una infinit\u00e0 di notizie su camper, itinerari, aree sosta camper, concessionari, campeggi, agriturismo, raduni, sagre, fiere, mostre, associazioni, club, forum, bacheca annunci\",\"potentialAction\":[{\"@type\":\"SearchAction\",\"target\":{\"@type\":\"EntryPoint\",\"urlTemplate\":\"https:\\\/\\\/www.turismoitinerante.com\\\/site\\\/?s={search_term_string}\"},\"query-input\":{\"@type\":\"PropertyValueSpecification\",\"valueRequired\":true,\"valueName\":\"search_term_string\"}}],\"inLanguage\":\"it-IT\"},{\"@type\":\"Person\",\"@id\":\"https:\\\/\\\/www.turismoitinerante.com\\\/site\\\/#\\\/schema\\\/person\\\/1e1238d2d1617438f3682e54bf4d6c05\",\"name\":\"admin\",\"image\":{\"@type\":\"ImageObject\",\"inLanguage\":\"it-IT\",\"@id\":\"https:\\\/\\\/secure.gravatar.com\\\/avatar\\\/9102d8c23b35e2809b07ebc42ce126daa3d6a47cce9878a22d14d9852ade629e?s=96&d=mm&r=g\",\"url\":\"https:\\\/\\\/secure.gravatar.com\\\/avatar\\\/9102d8c23b35e2809b07ebc42ce126daa3d6a47cce9878a22d14d9852ade629e?s=96&d=mm&r=g\",\"contentUrl\":\"https:\\\/\\\/secure.gravatar.com\\\/avatar\\\/9102d8c23b35e2809b07ebc42ce126daa3d6a47cce9878a22d14d9852ade629e?s=96&d=mm&r=g\",\"caption\":\"admin\"},\"url\":\"https:\\\/\\\/www.turismoitinerante.com\\\/site\\\/author\\\/admin\\\/\"}]}<\/script>\n<!-- \/ Yoast SEO plugin. -->","yoast_head_json":{"title":"Paganico Sabino festeggia il Primo Maggio con la Sagra dei Vertuti - TI - Turismo Itinerante","robots":{"index":"index","follow":"follow","max-snippet":"max-snippet:-1","max-image-preview":"max-image-preview:large","max-video-preview":"max-video-preview:-1"},"canonical":"https:\/\/www.turismoitinerante.com\/site\/paganico-sabino-festeggia-il-primo-maggio-con-la-sagra-dei-vertuti\/","og_locale":"it_IT","og_type":"article","og_title":"Paganico Sabino festeggia il Primo Maggio con la Sagra dei Vertuti - TI - Turismo Itinerante","og_description":"Il ritorno alla vita e la rinascita: \u00e8 l\u2019allegoria del Calendimaggio, la festa che nei secoli passati salutava l\u2019arrivo della buona stagione dopo il rigido inverno. Una festa tipica di una\u00a0\u00a0\u00a0tradizione contadina che \u00e8 ancora fortemente radicata nel borgo di Paganico Sabino, fra i\u00a0\u00a0\u00a0pi\u00f9 antichi della Valle del Turano. Qui il primo maggio fra tradizioni, [&hellip;]","og_url":"https:\/\/www.turismoitinerante.com\/site\/paganico-sabino-festeggia-il-primo-maggio-con-la-sagra-dei-vertuti\/","og_site_name":"TI - Turismo Itinerante","article_published_time":"2014-04-28T13:31:03+00:00","og_image":[{"width":300,"height":234,"url":"https:\/\/www.turismoitinerante.com\/site\/wp-content\/uploads\/2014\/04\/LOCANDINA-PAGANICO-SABINO.jpg","type":"image\/jpeg"}],"author":"admin","twitter_card":"summary_large_image","twitter_misc":{"Scritto da":"admin","Tempo di lettura stimato":"3 minuti"},"schema":{"@context":"https:\/\/schema.org","@graph":[{"@type":"Article","@id":"https:\/\/www.turismoitinerante.com\/site\/paganico-sabino-festeggia-il-primo-maggio-con-la-sagra-dei-vertuti\/#article","isPartOf":{"@id":"https:\/\/www.turismoitinerante.com\/site\/paganico-sabino-festeggia-il-primo-maggio-con-la-sagra-dei-vertuti\/"},"author":{"name":"admin","@id":"https:\/\/www.turismoitinerante.com\/site\/#\/schema\/person\/1e1238d2d1617438f3682e54bf4d6c05"},"headline":"Paganico Sabino festeggia il Primo Maggio con la Sagra dei Vertuti","datePublished":"2014-04-28T13:31:03+00:00","mainEntityOfPage":{"@id":"https:\/\/www.turismoitinerante.com\/site\/paganico-sabino-festeggia-il-primo-maggio-con-la-sagra-dei-vertuti\/"},"wordCount":552,"image":{"@id":"https:\/\/www.turismoitinerante.com\/site\/paganico-sabino-festeggia-il-primo-maggio-con-la-sagra-dei-vertuti\/#primaryimage"},"thumbnailUrl":"https:\/\/www.turismoitinerante.com\/site\/wp-content\/uploads\/2014\/04\/LOCANDINA-PAGANICO-SABINO.jpg","articleSection":["Turismo"],"inLanguage":"it-IT"},{"@type":"WebPage","@id":"https:\/\/www.turismoitinerante.com\/site\/paganico-sabino-festeggia-il-primo-maggio-con-la-sagra-dei-vertuti\/","url":"https:\/\/www.turismoitinerante.com\/site\/paganico-sabino-festeggia-il-primo-maggio-con-la-sagra-dei-vertuti\/","name":"Paganico Sabino festeggia il Primo Maggio con la Sagra dei Vertuti - TI - Turismo Itinerante","isPartOf":{"@id":"https:\/\/www.turismoitinerante.com\/site\/#website"},"primaryImageOfPage":{"@id":"https:\/\/www.turismoitinerante.com\/site\/paganico-sabino-festeggia-il-primo-maggio-con-la-sagra-dei-vertuti\/#primaryimage"},"image":{"@id":"https:\/\/www.turismoitinerante.com\/site\/paganico-sabino-festeggia-il-primo-maggio-con-la-sagra-dei-vertuti\/#primaryimage"},"thumbnailUrl":"https:\/\/www.turismoitinerante.com\/site\/wp-content\/uploads\/2014\/04\/LOCANDINA-PAGANICO-SABINO.jpg","datePublished":"2014-04-28T13:31:03+00:00","author":{"@id":"https:\/\/www.turismoitinerante.com\/site\/#\/schema\/person\/1e1238d2d1617438f3682e54bf4d6c05"},"breadcrumb":{"@id":"https:\/\/www.turismoitinerante.com\/site\/paganico-sabino-festeggia-il-primo-maggio-con-la-sagra-dei-vertuti\/#breadcrumb"},"inLanguage":"it-IT","potentialAction":[{"@type":"ReadAction","target":["https:\/\/www.turismoitinerante.com\/site\/paganico-sabino-festeggia-il-primo-maggio-con-la-sagra-dei-vertuti\/"]}]},{"@type":"ImageObject","inLanguage":"it-IT","@id":"https:\/\/www.turismoitinerante.com\/site\/paganico-sabino-festeggia-il-primo-maggio-con-la-sagra-dei-vertuti\/#primaryimage","url":"https:\/\/www.turismoitinerante.com\/site\/wp-content\/uploads\/2014\/04\/LOCANDINA-PAGANICO-SABINO.jpg","contentUrl":"https:\/\/www.turismoitinerante.com\/site\/wp-content\/uploads\/2014\/04\/LOCANDINA-PAGANICO-SABINO.jpg","width":300,"height":234},{"@type":"BreadcrumbList","@id":"https:\/\/www.turismoitinerante.com\/site\/paganico-sabino-festeggia-il-primo-maggio-con-la-sagra-dei-vertuti\/#breadcrumb","itemListElement":[{"@type":"ListItem","position":1,"name":"Home","item":"https:\/\/www.turismoitinerante.com\/site\/"},{"@type":"ListItem","position":2,"name":"Paganico Sabino festeggia il Primo Maggio con la Sagra dei Vertuti"}]},{"@type":"WebSite","@id":"https:\/\/www.turismoitinerante.com\/site\/#website","url":"https:\/\/www.turismoitinerante.com\/site\/","name":"TI - Turismo Itinerante","description":"Ritrovarsi su internet per informarsi, per informare. Il portale del turismo itinerante. Una infinit\u00e0 di notizie su camper, itinerari, aree sosta camper, concessionari, campeggi, agriturismo, raduni, sagre, fiere, mostre, associazioni, club, forum, bacheca annunci","potentialAction":[{"@type":"SearchAction","target":{"@type":"EntryPoint","urlTemplate":"https:\/\/www.turismoitinerante.com\/site\/?s={search_term_string}"},"query-input":{"@type":"PropertyValueSpecification","valueRequired":true,"valueName":"search_term_string"}}],"inLanguage":"it-IT"},{"@type":"Person","@id":"https:\/\/www.turismoitinerante.com\/site\/#\/schema\/person\/1e1238d2d1617438f3682e54bf4d6c05","name":"admin","image":{"@type":"ImageObject","inLanguage":"it-IT","@id":"https:\/\/secure.gravatar.com\/avatar\/9102d8c23b35e2809b07ebc42ce126daa3d6a47cce9878a22d14d9852ade629e?s=96&d=mm&r=g","url":"https:\/\/secure.gravatar.com\/avatar\/9102d8c23b35e2809b07ebc42ce126daa3d6a47cce9878a22d14d9852ade629e?s=96&d=mm&r=g","contentUrl":"https:\/\/secure.gravatar.com\/avatar\/9102d8c23b35e2809b07ebc42ce126daa3d6a47cce9878a22d14d9852ade629e?s=96&d=mm&r=g","caption":"admin"},"url":"https:\/\/www.turismoitinerante.com\/site\/author\/admin\/"}]}},"_links":{"self":[{"href":"https:\/\/www.turismoitinerante.com\/site\/wp-json\/wp\/v2\/posts\/28046","targetHints":{"allow":["GET"]}}],"collection":[{"href":"https:\/\/www.turismoitinerante.com\/site\/wp-json\/wp\/v2\/posts"}],"about":[{"href":"https:\/\/www.turismoitinerante.com\/site\/wp-json\/wp\/v2\/types\/post"}],"author":[{"embeddable":true,"href":"https:\/\/www.turismoitinerante.com\/site\/wp-json\/wp\/v2\/users\/1"}],"replies":[{"embeddable":true,"href":"https:\/\/www.turismoitinerante.com\/site\/wp-json\/wp\/v2\/comments?post=28046"}],"version-history":[{"count":1,"href":"https:\/\/www.turismoitinerante.com\/site\/wp-json\/wp\/v2\/posts\/28046\/revisions"}],"predecessor-version":[{"id":28048,"href":"https:\/\/www.turismoitinerante.com\/site\/wp-json\/wp\/v2\/posts\/28046\/revisions\/28048"}],"wp:featuredmedia":[{"embeddable":true,"href":"https:\/\/www.turismoitinerante.com\/site\/wp-json\/wp\/v2\/media\/28047"}],"wp:attachment":[{"href":"https:\/\/www.turismoitinerante.com\/site\/wp-json\/wp\/v2\/media?parent=28046"}],"wp:term":[{"taxonomy":"category","embeddable":true,"href":"https:\/\/www.turismoitinerante.com\/site\/wp-json\/wp\/v2\/categories?post=28046"},{"taxonomy":"post_tag","embeddable":true,"href":"https:\/\/www.turismoitinerante.com\/site\/wp-json\/wp\/v2\/tags?post=28046"}],"curies":[{"name":"wp","href":"https:\/\/api.w.org\/{rel}","templated":true}]}}