{"id":28040,"date":"2014-04-24T08:14:49","date_gmt":"2014-04-24T07:14:49","guid":{"rendered":"http:\/\/www.turismoitinerante.com\/site\/?p=28040"},"modified":"2014-04-24T08:14:49","modified_gmt":"2014-04-24T07:14:49","slug":"terza-settimana-di-informazione-sulle-intolleranze-al-glutine-dal-20-al-23-maggio","status":"publish","type":"post","link":"https:\/\/www.turismoitinerante.com\/site\/terza-settimana-di-informazione-sulle-intolleranze-al-glutine-dal-20-al-23-maggio\/","title":{"rendered":"Terza Settimana di Informazione sulle intolleranze al glutine: dal 20 al 23 maggio"},"content":{"rendered":"<p><strong>Con la collaborazione di Dr. Sch\u00e4r Institute, produttore di DS &#8211; gluten free, il marchio di riferimento, per il canale GD, di prodotti surgelati e secchi senza glutine.<\/strong><\/p>\n<p><span style=\"line-height: 1.5em;\"><a href=\"http:\/\/www.turismoitinerante.com\/site\/wp-content\/uploads\/2014\/04\/Bollino-Settimana-intolleranze-al-glutine.jpg\"><img decoding=\"async\" class=\"alignleft size-full wp-image-28041\" alt=\"Bollino Settimana intolleranze al glutine\" src=\"http:\/\/www.turismoitinerante.com\/site\/wp-content\/uploads\/2014\/04\/Bollino-Settimana-intolleranze-al-glutine.jpg\" width=\"282\" height=\"400\" srcset=\"https:\/\/www.turismoitinerante.com\/site\/wp-content\/uploads\/2014\/04\/Bollino-Settimana-intolleranze-al-glutine.jpg 282w, https:\/\/www.turismoitinerante.com\/site\/wp-content\/uploads\/2014\/04\/Bollino-Settimana-intolleranze-al-glutine-211x300.jpg 211w\" sizes=\"(max-width: 282px) 100vw, 282px\" \/><\/a>\u00c8 causa di mal di testa, nausea, irritazione intestinale, stanchezza, dolori muscolari e molti altri problemi a cui, spesso, non si sa dare spiegazione: stiamo parlando di sensibilit\u00e0 al glutine non celiaca, un disturbo ormai accertato a livello scientifico, fortemente correlato ai regimi alimentari.<\/span><\/p>\n<p>Oggi, infatti, la \u2018battaglia\u2019 contro il glutine non si gioca pi\u00f9 solo nel campo della celiachia, ma la sfida pi\u00f9 interessante riguarda proprio la \u201ccondizione di sensibilit\u00e0 al glutine\u2019 che sembra interessare una popolazione largamente superiore a quella dei potenziali celiaci e allergici al grano. A differenza, per\u00f2, della celiachia e dell\u2019allergia al grano, sembra essere transitoria e pu\u00f2 risolversi dopo un periodo di alimentazione gluten free.<\/p>\n<p>Proprio per fare chiarezza su questa condizione, in occasione del lancio della terza Settimana di Informazione sulle intolleranze al glutine (in programma dal 20 al 23 maggio), presso la Gluten Free Home di Milano, tre dei principali Opinion Leader italiani nel campo della celiachia e dei disordini glutine-correlati, la nutrition coach Letizia Saturni, il pediatra gastroenterologo Carlo Catassi e Luca Elli specialista in Gastroenterologia ed Endoscopia Digestiva, membri del board scientifico di Dr. Sch\u00e4r Institute, hanno risposto a tutti i principali dubbi sulla sensibilit\u00e0 al glutine, raccontando come, oggi, \u00e8 possibile vivere\u00a0 gluten free, in modo sicuro, senza rinunciare al gusto e al piacere della convivialit\u00e0.<\/p>\n<p>Sensibilit\u00e0 al glutine vs celiachia, le differenze sono sostanziali!<\/p>\n<p>La sensibilit\u00e0 al glutine non celiaca \u00e8 una condizione relativamente \u2018nuova\u2019 caratterizzata da sintomi prevalentemente gastrointestinali (gonfiore, meteorismo, alterazioni dell&#8217;alvo), solitamente di entit\u00e0 moderata in assenza di una atrofia del piccolo intestino.<\/p>\n<p>Il glutine, ovvero la proteina che si trova nel grano e nei suoi derivati,\u00a0 \u00e8 uno dei pi\u00f9 diffusi e abbondanti componenti della dieta per molte popolazioni, in particolare per quelle di origine europea e nello stile alimentare occidentale in generale. Alcune frazioni proteiche del glutine sono scarsamente digerite nello stomaco umano e giungono a contatto con la parete intestinale ancora intatte\u00a0 e sembrano essere in grado di scatenare reazioni avverse di varia natura. A differenza del celiaco, per\u00f2, chi soffre di sensibilit\u00e0 al glutine non celiaca, pur avvertendo i sintomi correlati alla ingestione di glutine\u00a0 non presenta rilevanti lesione intestinali e non manifesta nemmeno la reazione allergica al frumento come, invece, avviene per chi \u00e8 affetto da allergia al grano.<\/p>\n<p>Come la celiachia, anche la sensibilit\u00e0 al glutine \u00e8 una condizione patologica che sembra interessare, prevalentemente, il sesso femminile.<\/p>\n<p>\u00abIn caso di sensibilit\u00e0 al glutine \u2013 specifica Letizia Saturni \u2013 la dieta gluten free \u00e8 risolutiva, ma va adottata con attenzione e su consiglio del medico solo dopo la diagnosi. Se correttamente bilanciata, \u00e8 sicuramente sostenibile, senza particolari rinunce, sia grazie alla grande disponibilit\u00e0 in commercio di prodotti sostitutivi, sia grazie a un\u2019ampia gamma di alimenti freschi naturalmente privi di glutine. \u00bb.<\/p>\n<p>La terza settimana di informazione sulle intolleranze al glutine<\/p>\n<p>Sulla scorta del successo dell\u2019edizione 2013, dal 19 al 23 maggio, si svolger\u00e0 la terza settimana nazionale dedicata all\u2019informazione sui disordini glutine correlati ed in particolare su celiachia, sensibilit\u00e0 al glutine non celiaca e IBS che, quest\u2019anno, \u00e8 promossa da AIGO (Associazione Italiana Gastroenterologi ed Endoscopisti Ospedalieri), ADI (Associazione Italiana Dietetica e Nutrizione Clinica) ed il Dr. Sch\u00e4r Institute con il grant incondizionato di DS &#8211; gluten free.<\/p>\n<p>\u00abSiamo particolarmente orgogliosi \u2013 dichiara il prof. Carlo Catassi, docente di Gastroenterologia Pediatrica all\u2019Universit\u00e0 Politecnica delle Marche e coordinatore del Board scientifico di Dr. Sch\u00e4r Institute \u2013 di attivare anche quest\u2019anno il servizio \u201cL\u2019esperto risponde\u201d, con oltre 90 specialisti gastroenterologi e dietologi che risponderanno a tutti i dubbi e i quesiti della popolazione italiana sul senza glutine\u00bb.<\/p>\n<p>A partire dai primi di maggio, compilando un semplice form su www.megliosenzaglutine.it, sar\u00e0, infatti, possibile prenotare un consulto telefonico gratuito con uno degli esperti afferenti all\u2019iniziativa,\u00a0 da marted\u00ec 20 a venerd\u00ec 23 maggio, dalle ore 9.00 alle 18.00.<\/p>\n<p>Sempre a disposizione del pubblico \u00e8 anche il sito www.megliosenzaglutine.it interamente dedicato alla settimana di informazione sulle intolleranze al glutine: celiachia, sensibilit\u00e0 al glutine non celiaca e sindrome dell\u2019intestino irritabile, un insieme di patologie che si stima, riguardino nel complesso un numero elevatissimo di soggetti, per la maggior parte ancora inconsapevoli di soffrire di questi disturbi.<\/p>\n<p><a href=\"http:\/\/www.dsglutenfree.com\/\" target=\"_blank\" rel=\"nofollow\">www.dsglutenfree.com<\/a><\/p>\n<p>Testo di Franca D.Scotti<\/p>\n<div class=\"7863122cad8776726ec303240ed69aa5\" data-index=\"4\" style=\"float: none; margin:10px 0 10px 0; text-align:center;\">\n<script async src=\"\/\/pagead2.googlesyndication.com\/pagead\/js\/adsbygoogle.js\"><\/script>\r\n<!-- 728x90, creato 23\/02\/11 -->\r\n<ins class=\"adsbygoogle\"\r\n     style=\"display:inline-block;width:728px;height:90px\"\r\n     data-ad-client=\"ca-pub-5798583071070083\"\r\n     data-ad-slot=\"5935394872\"><\/ins>\r\n<script>\r\n(adsbygoogle = window.adsbygoogle || []).push({});\r\n<\/script>\n<\/div>\n\n<div style=\"font-size: 0px; height: 0px; line-height: 0px; margin: 0; padding: 0; clear: both;\"><\/div>","protected":false},"excerpt":{"rendered":"<p>Con la collaborazione di Dr. Sch\u00e4r Institute, produttore di DS &#8211; gluten free, il marchio di riferimento, per il canale GD, di prodotti surgelati e secchi senza glutine. \u00c8 causa di mal di testa, nausea, irritazione intestinale, stanchezza, dolori muscolari e molti altri problemi a cui, spesso, non si sa dare spiegazione: stiamo parlando di [&hellip;]<\/p>\n","protected":false},"author":1,"featured_media":28041,"comment_status":"closed","ping_status":"open","sticky":false,"template":"","format":"standard","meta":{"ngg_post_thumbnail":0,"jnews-multi-image_gallery":[],"jnews_single_post":[],"jnews_primary_category":[],"jnews_override_counter":[],"footnotes":""},"categories":[643],"tags":[],"class_list":["post-28040","post","type-post","status-publish","format-standard","has-post-thumbnail","hentry","category-itinerari-gustosi"],"yoast_head":"<!-- This site is optimized with the Yoast SEO plugin v27.4 - https:\/\/yoast.com\/product\/yoast-seo-wordpress\/ -->\n<title>Terza Settimana di Informazione sulle intolleranze al glutine: dal 20 al 23 maggio - TI - Turismo Itinerante<\/title>\n<meta name=\"robots\" content=\"index, follow, max-snippet:-1, max-image-preview:large, max-video-preview:-1\" \/>\n<link rel=\"canonical\" href=\"https:\/\/www.turismoitinerante.com\/site\/terza-settimana-di-informazione-sulle-intolleranze-al-glutine-dal-20-al-23-maggio\/\" \/>\n<meta property=\"og:locale\" content=\"it_IT\" \/>\n<meta property=\"og:type\" content=\"article\" \/>\n<meta property=\"og:title\" content=\"Terza Settimana di Informazione sulle intolleranze al glutine: dal 20 al 23 maggio - TI - Turismo Itinerante\" \/>\n<meta property=\"og:description\" content=\"Con la collaborazione di Dr. Sch\u00e4r Institute, produttore di DS &#8211; gluten free, il marchio di riferimento, per il canale GD, di prodotti surgelati e secchi senza glutine. \u00c8 causa di mal di testa, nausea, irritazione intestinale, stanchezza, dolori muscolari e molti altri problemi a cui, spesso, non si sa dare spiegazione: stiamo parlando di [&hellip;]\" \/>\n<meta property=\"og:url\" content=\"https:\/\/www.turismoitinerante.com\/site\/terza-settimana-di-informazione-sulle-intolleranze-al-glutine-dal-20-al-23-maggio\/\" \/>\n<meta property=\"og:site_name\" content=\"TI - Turismo Itinerante\" \/>\n<meta property=\"article:published_time\" content=\"2014-04-24T07:14:49+00:00\" \/>\n<meta property=\"og:image\" content=\"https:\/\/www.turismoitinerante.com\/site\/wp-content\/uploads\/2014\/04\/Bollino-Settimana-intolleranze-al-glutine.jpg\" \/>\n\t<meta property=\"og:image:width\" content=\"282\" \/>\n\t<meta property=\"og:image:height\" content=\"400\" \/>\n\t<meta property=\"og:image:type\" content=\"image\/jpeg\" \/>\n<meta name=\"author\" content=\"admin\" \/>\n<meta name=\"twitter:card\" content=\"summary_large_image\" \/>\n<meta name=\"twitter:label1\" content=\"Scritto da\" \/>\n\t<meta name=\"twitter:data1\" content=\"admin\" \/>\n\t<meta name=\"twitter:label2\" content=\"Tempo di lettura stimato\" \/>\n\t<meta name=\"twitter:data2\" content=\"4 minuti\" \/>\n<script type=\"application\/ld+json\" class=\"yoast-schema-graph\">{\"@context\":\"https:\\\/\\\/schema.org\",\"@graph\":[{\"@type\":\"Article\",\"@id\":\"https:\\\/\\\/www.turismoitinerante.com\\\/site\\\/terza-settimana-di-informazione-sulle-intolleranze-al-glutine-dal-20-al-23-maggio\\\/#article\",\"isPartOf\":{\"@id\":\"https:\\\/\\\/www.turismoitinerante.com\\\/site\\\/terza-settimana-di-informazione-sulle-intolleranze-al-glutine-dal-20-al-23-maggio\\\/\"},\"author\":{\"name\":\"admin\",\"@id\":\"https:\\\/\\\/www.turismoitinerante.com\\\/site\\\/#\\\/schema\\\/person\\\/1e1238d2d1617438f3682e54bf4d6c05\"},\"headline\":\"Terza Settimana di Informazione sulle intolleranze al glutine: dal 20 al 23 maggio\",\"datePublished\":\"2014-04-24T07:14:49+00:00\",\"mainEntityOfPage\":{\"@id\":\"https:\\\/\\\/www.turismoitinerante.com\\\/site\\\/terza-settimana-di-informazione-sulle-intolleranze-al-glutine-dal-20-al-23-maggio\\\/\"},\"wordCount\":729,\"image\":{\"@id\":\"https:\\\/\\\/www.turismoitinerante.com\\\/site\\\/terza-settimana-di-informazione-sulle-intolleranze-al-glutine-dal-20-al-23-maggio\\\/#primaryimage\"},\"thumbnailUrl\":\"https:\\\/\\\/www.turismoitinerante.com\\\/site\\\/wp-content\\\/uploads\\\/2014\\\/04\\\/Bollino-Settimana-intolleranze-al-glutine.jpg\",\"articleSection\":[\"Itinerari Gustosi\"],\"inLanguage\":\"it-IT\"},{\"@type\":\"WebPage\",\"@id\":\"https:\\\/\\\/www.turismoitinerante.com\\\/site\\\/terza-settimana-di-informazione-sulle-intolleranze-al-glutine-dal-20-al-23-maggio\\\/\",\"url\":\"https:\\\/\\\/www.turismoitinerante.com\\\/site\\\/terza-settimana-di-informazione-sulle-intolleranze-al-glutine-dal-20-al-23-maggio\\\/\",\"name\":\"Terza Settimana di Informazione sulle intolleranze al glutine: dal 20 al 23 maggio - TI - Turismo Itinerante\",\"isPartOf\":{\"@id\":\"https:\\\/\\\/www.turismoitinerante.com\\\/site\\\/#website\"},\"primaryImageOfPage\":{\"@id\":\"https:\\\/\\\/www.turismoitinerante.com\\\/site\\\/terza-settimana-di-informazione-sulle-intolleranze-al-glutine-dal-20-al-23-maggio\\\/#primaryimage\"},\"image\":{\"@id\":\"https:\\\/\\\/www.turismoitinerante.com\\\/site\\\/terza-settimana-di-informazione-sulle-intolleranze-al-glutine-dal-20-al-23-maggio\\\/#primaryimage\"},\"thumbnailUrl\":\"https:\\\/\\\/www.turismoitinerante.com\\\/site\\\/wp-content\\\/uploads\\\/2014\\\/04\\\/Bollino-Settimana-intolleranze-al-glutine.jpg\",\"datePublished\":\"2014-04-24T07:14:49+00:00\",\"author\":{\"@id\":\"https:\\\/\\\/www.turismoitinerante.com\\\/site\\\/#\\\/schema\\\/person\\\/1e1238d2d1617438f3682e54bf4d6c05\"},\"breadcrumb\":{\"@id\":\"https:\\\/\\\/www.turismoitinerante.com\\\/site\\\/terza-settimana-di-informazione-sulle-intolleranze-al-glutine-dal-20-al-23-maggio\\\/#breadcrumb\"},\"inLanguage\":\"it-IT\",\"potentialAction\":[{\"@type\":\"ReadAction\",\"target\":[\"https:\\\/\\\/www.turismoitinerante.com\\\/site\\\/terza-settimana-di-informazione-sulle-intolleranze-al-glutine-dal-20-al-23-maggio\\\/\"]}]},{\"@type\":\"ImageObject\",\"inLanguage\":\"it-IT\",\"@id\":\"https:\\\/\\\/www.turismoitinerante.com\\\/site\\\/terza-settimana-di-informazione-sulle-intolleranze-al-glutine-dal-20-al-23-maggio\\\/#primaryimage\",\"url\":\"https:\\\/\\\/www.turismoitinerante.com\\\/site\\\/wp-content\\\/uploads\\\/2014\\\/04\\\/Bollino-Settimana-intolleranze-al-glutine.jpg\",\"contentUrl\":\"https:\\\/\\\/www.turismoitinerante.com\\\/site\\\/wp-content\\\/uploads\\\/2014\\\/04\\\/Bollino-Settimana-intolleranze-al-glutine.jpg\",\"width\":282,\"height\":400,\"caption\":\"Bollino Settimana intolleranze al glutine\"},{\"@type\":\"BreadcrumbList\",\"@id\":\"https:\\\/\\\/www.turismoitinerante.com\\\/site\\\/terza-settimana-di-informazione-sulle-intolleranze-al-glutine-dal-20-al-23-maggio\\\/#breadcrumb\",\"itemListElement\":[{\"@type\":\"ListItem\",\"position\":1,\"name\":\"Home\",\"item\":\"https:\\\/\\\/www.turismoitinerante.com\\\/site\\\/\"},{\"@type\":\"ListItem\",\"position\":2,\"name\":\"Terza Settimana di Informazione sulle intolleranze al glutine: dal 20 al 23 maggio\"}]},{\"@type\":\"WebSite\",\"@id\":\"https:\\\/\\\/www.turismoitinerante.com\\\/site\\\/#website\",\"url\":\"https:\\\/\\\/www.turismoitinerante.com\\\/site\\\/\",\"name\":\"TI - Turismo Itinerante\",\"description\":\"Ritrovarsi su internet per informarsi, per informare. Il portale del turismo itinerante. Una infinit\u00e0 di notizie su camper, itinerari, aree sosta camper, concessionari, campeggi, agriturismo, raduni, sagre, fiere, mostre, associazioni, club, forum, bacheca annunci\",\"potentialAction\":[{\"@type\":\"SearchAction\",\"target\":{\"@type\":\"EntryPoint\",\"urlTemplate\":\"https:\\\/\\\/www.turismoitinerante.com\\\/site\\\/?s={search_term_string}\"},\"query-input\":{\"@type\":\"PropertyValueSpecification\",\"valueRequired\":true,\"valueName\":\"search_term_string\"}}],\"inLanguage\":\"it-IT\"},{\"@type\":\"Person\",\"@id\":\"https:\\\/\\\/www.turismoitinerante.com\\\/site\\\/#\\\/schema\\\/person\\\/1e1238d2d1617438f3682e54bf4d6c05\",\"name\":\"admin\",\"image\":{\"@type\":\"ImageObject\",\"inLanguage\":\"it-IT\",\"@id\":\"https:\\\/\\\/secure.gravatar.com\\\/avatar\\\/9102d8c23b35e2809b07ebc42ce126daa3d6a47cce9878a22d14d9852ade629e?s=96&d=mm&r=g\",\"url\":\"https:\\\/\\\/secure.gravatar.com\\\/avatar\\\/9102d8c23b35e2809b07ebc42ce126daa3d6a47cce9878a22d14d9852ade629e?s=96&d=mm&r=g\",\"contentUrl\":\"https:\\\/\\\/secure.gravatar.com\\\/avatar\\\/9102d8c23b35e2809b07ebc42ce126daa3d6a47cce9878a22d14d9852ade629e?s=96&d=mm&r=g\",\"caption\":\"admin\"},\"url\":\"https:\\\/\\\/www.turismoitinerante.com\\\/site\\\/author\\\/admin\\\/\"}]}<\/script>\n<!-- \/ Yoast SEO plugin. -->","yoast_head_json":{"title":"Terza Settimana di Informazione sulle intolleranze al glutine: dal 20 al 23 maggio - TI - Turismo Itinerante","robots":{"index":"index","follow":"follow","max-snippet":"max-snippet:-1","max-image-preview":"max-image-preview:large","max-video-preview":"max-video-preview:-1"},"canonical":"https:\/\/www.turismoitinerante.com\/site\/terza-settimana-di-informazione-sulle-intolleranze-al-glutine-dal-20-al-23-maggio\/","og_locale":"it_IT","og_type":"article","og_title":"Terza Settimana di Informazione sulle intolleranze al glutine: dal 20 al 23 maggio - TI - Turismo Itinerante","og_description":"Con la collaborazione di Dr. Sch\u00e4r Institute, produttore di DS &#8211; gluten free, il marchio di riferimento, per il canale GD, di prodotti surgelati e secchi senza glutine. \u00c8 causa di mal di testa, nausea, irritazione intestinale, stanchezza, dolori muscolari e molti altri problemi a cui, spesso, non si sa dare spiegazione: stiamo parlando di [&hellip;]","og_url":"https:\/\/www.turismoitinerante.com\/site\/terza-settimana-di-informazione-sulle-intolleranze-al-glutine-dal-20-al-23-maggio\/","og_site_name":"TI - Turismo Itinerante","article_published_time":"2014-04-24T07:14:49+00:00","og_image":[{"width":282,"height":400,"url":"https:\/\/www.turismoitinerante.com\/site\/wp-content\/uploads\/2014\/04\/Bollino-Settimana-intolleranze-al-glutine.jpg","type":"image\/jpeg"}],"author":"admin","twitter_card":"summary_large_image","twitter_misc":{"Scritto da":"admin","Tempo di lettura stimato":"4 minuti"},"schema":{"@context":"https:\/\/schema.org","@graph":[{"@type":"Article","@id":"https:\/\/www.turismoitinerante.com\/site\/terza-settimana-di-informazione-sulle-intolleranze-al-glutine-dal-20-al-23-maggio\/#article","isPartOf":{"@id":"https:\/\/www.turismoitinerante.com\/site\/terza-settimana-di-informazione-sulle-intolleranze-al-glutine-dal-20-al-23-maggio\/"},"author":{"name":"admin","@id":"https:\/\/www.turismoitinerante.com\/site\/#\/schema\/person\/1e1238d2d1617438f3682e54bf4d6c05"},"headline":"Terza Settimana di Informazione sulle intolleranze al glutine: dal 20 al 23 maggio","datePublished":"2014-04-24T07:14:49+00:00","mainEntityOfPage":{"@id":"https:\/\/www.turismoitinerante.com\/site\/terza-settimana-di-informazione-sulle-intolleranze-al-glutine-dal-20-al-23-maggio\/"},"wordCount":729,"image":{"@id":"https:\/\/www.turismoitinerante.com\/site\/terza-settimana-di-informazione-sulle-intolleranze-al-glutine-dal-20-al-23-maggio\/#primaryimage"},"thumbnailUrl":"https:\/\/www.turismoitinerante.com\/site\/wp-content\/uploads\/2014\/04\/Bollino-Settimana-intolleranze-al-glutine.jpg","articleSection":["Itinerari Gustosi"],"inLanguage":"it-IT"},{"@type":"WebPage","@id":"https:\/\/www.turismoitinerante.com\/site\/terza-settimana-di-informazione-sulle-intolleranze-al-glutine-dal-20-al-23-maggio\/","url":"https:\/\/www.turismoitinerante.com\/site\/terza-settimana-di-informazione-sulle-intolleranze-al-glutine-dal-20-al-23-maggio\/","name":"Terza Settimana di Informazione sulle intolleranze al glutine: dal 20 al 23 maggio - TI - Turismo Itinerante","isPartOf":{"@id":"https:\/\/www.turismoitinerante.com\/site\/#website"},"primaryImageOfPage":{"@id":"https:\/\/www.turismoitinerante.com\/site\/terza-settimana-di-informazione-sulle-intolleranze-al-glutine-dal-20-al-23-maggio\/#primaryimage"},"image":{"@id":"https:\/\/www.turismoitinerante.com\/site\/terza-settimana-di-informazione-sulle-intolleranze-al-glutine-dal-20-al-23-maggio\/#primaryimage"},"thumbnailUrl":"https:\/\/www.turismoitinerante.com\/site\/wp-content\/uploads\/2014\/04\/Bollino-Settimana-intolleranze-al-glutine.jpg","datePublished":"2014-04-24T07:14:49+00:00","author":{"@id":"https:\/\/www.turismoitinerante.com\/site\/#\/schema\/person\/1e1238d2d1617438f3682e54bf4d6c05"},"breadcrumb":{"@id":"https:\/\/www.turismoitinerante.com\/site\/terza-settimana-di-informazione-sulle-intolleranze-al-glutine-dal-20-al-23-maggio\/#breadcrumb"},"inLanguage":"it-IT","potentialAction":[{"@type":"ReadAction","target":["https:\/\/www.turismoitinerante.com\/site\/terza-settimana-di-informazione-sulle-intolleranze-al-glutine-dal-20-al-23-maggio\/"]}]},{"@type":"ImageObject","inLanguage":"it-IT","@id":"https:\/\/www.turismoitinerante.com\/site\/terza-settimana-di-informazione-sulle-intolleranze-al-glutine-dal-20-al-23-maggio\/#primaryimage","url":"https:\/\/www.turismoitinerante.com\/site\/wp-content\/uploads\/2014\/04\/Bollino-Settimana-intolleranze-al-glutine.jpg","contentUrl":"https:\/\/www.turismoitinerante.com\/site\/wp-content\/uploads\/2014\/04\/Bollino-Settimana-intolleranze-al-glutine.jpg","width":282,"height":400,"caption":"Bollino Settimana intolleranze al glutine"},{"@type":"BreadcrumbList","@id":"https:\/\/www.turismoitinerante.com\/site\/terza-settimana-di-informazione-sulle-intolleranze-al-glutine-dal-20-al-23-maggio\/#breadcrumb","itemListElement":[{"@type":"ListItem","position":1,"name":"Home","item":"https:\/\/www.turismoitinerante.com\/site\/"},{"@type":"ListItem","position":2,"name":"Terza Settimana di Informazione sulle intolleranze al glutine: dal 20 al 23 maggio"}]},{"@type":"WebSite","@id":"https:\/\/www.turismoitinerante.com\/site\/#website","url":"https:\/\/www.turismoitinerante.com\/site\/","name":"TI - Turismo Itinerante","description":"Ritrovarsi su internet per informarsi, per informare. Il portale del turismo itinerante. Una infinit\u00e0 di notizie su camper, itinerari, aree sosta camper, concessionari, campeggi, agriturismo, raduni, sagre, fiere, mostre, associazioni, club, forum, bacheca annunci","potentialAction":[{"@type":"SearchAction","target":{"@type":"EntryPoint","urlTemplate":"https:\/\/www.turismoitinerante.com\/site\/?s={search_term_string}"},"query-input":{"@type":"PropertyValueSpecification","valueRequired":true,"valueName":"search_term_string"}}],"inLanguage":"it-IT"},{"@type":"Person","@id":"https:\/\/www.turismoitinerante.com\/site\/#\/schema\/person\/1e1238d2d1617438f3682e54bf4d6c05","name":"admin","image":{"@type":"ImageObject","inLanguage":"it-IT","@id":"https:\/\/secure.gravatar.com\/avatar\/9102d8c23b35e2809b07ebc42ce126daa3d6a47cce9878a22d14d9852ade629e?s=96&d=mm&r=g","url":"https:\/\/secure.gravatar.com\/avatar\/9102d8c23b35e2809b07ebc42ce126daa3d6a47cce9878a22d14d9852ade629e?s=96&d=mm&r=g","contentUrl":"https:\/\/secure.gravatar.com\/avatar\/9102d8c23b35e2809b07ebc42ce126daa3d6a47cce9878a22d14d9852ade629e?s=96&d=mm&r=g","caption":"admin"},"url":"https:\/\/www.turismoitinerante.com\/site\/author\/admin\/"}]}},"_links":{"self":[{"href":"https:\/\/www.turismoitinerante.com\/site\/wp-json\/wp\/v2\/posts\/28040","targetHints":{"allow":["GET"]}}],"collection":[{"href":"https:\/\/www.turismoitinerante.com\/site\/wp-json\/wp\/v2\/posts"}],"about":[{"href":"https:\/\/www.turismoitinerante.com\/site\/wp-json\/wp\/v2\/types\/post"}],"author":[{"embeddable":true,"href":"https:\/\/www.turismoitinerante.com\/site\/wp-json\/wp\/v2\/users\/1"}],"replies":[{"embeddable":true,"href":"https:\/\/www.turismoitinerante.com\/site\/wp-json\/wp\/v2\/comments?post=28040"}],"version-history":[{"count":1,"href":"https:\/\/www.turismoitinerante.com\/site\/wp-json\/wp\/v2\/posts\/28040\/revisions"}],"predecessor-version":[{"id":28042,"href":"https:\/\/www.turismoitinerante.com\/site\/wp-json\/wp\/v2\/posts\/28040\/revisions\/28042"}],"wp:featuredmedia":[{"embeddable":true,"href":"https:\/\/www.turismoitinerante.com\/site\/wp-json\/wp\/v2\/media\/28041"}],"wp:attachment":[{"href":"https:\/\/www.turismoitinerante.com\/site\/wp-json\/wp\/v2\/media?parent=28040"}],"wp:term":[{"taxonomy":"category","embeddable":true,"href":"https:\/\/www.turismoitinerante.com\/site\/wp-json\/wp\/v2\/categories?post=28040"},{"taxonomy":"post_tag","embeddable":true,"href":"https:\/\/www.turismoitinerante.com\/site\/wp-json\/wp\/v2\/tags?post=28040"}],"curies":[{"name":"wp","href":"https:\/\/api.w.org\/{rel}","templated":true}]}}