{"id":28032,"date":"2014-04-23T14:43:45","date_gmt":"2014-04-23T13:43:45","guid":{"rendered":"http:\/\/www.turismoitinerante.com\/site\/?p=28032"},"modified":"2014-04-23T15:59:03","modified_gmt":"2014-04-23T14:59:03","slug":"al-viala-decima-edizione-di-fritto-misto-dal-25-aprile-al-4-maggio-ad-ascoli-piceno","status":"publish","type":"post","link":"https:\/\/www.turismoitinerante.com\/site\/al-viala-decima-edizione-di-fritto-misto-dal-25-aprile-al-4-maggio-ad-ascoli-piceno\/","title":{"rendered":"Al viala decima edizione di FRITTO MISTO,  dal 25 aprile al 4 maggio ad Ascoli Piceno"},"content":{"rendered":"<p><strong>L&#8217;inaugurazione alle ore 11 in piazza Arringo. Nel pomeriggio, la presentazione del libro &#8220;10 in pastella &#8211; ricette e personaggi di Fritto Misto&#8221;<\/strong><\/p>\n<p><a href=\"http:\/\/www.turismoitinerante.com\/site\/wp-content\/uploads\/2014\/04\/fritto-misto-fiera-ascoli.jpg\"><img decoding=\"async\" class=\"alignleft size-full wp-image-28034\" alt=\"fritto-misto-fiera-ascoli\" src=\"http:\/\/www.turismoitinerante.com\/site\/wp-content\/uploads\/2014\/04\/fritto-misto-fiera-ascoli.jpg\" width=\"300\" height=\"199\" \/><\/a>Sar\u00e0 il ponte del <b>25 Aprile<\/b> a dare il via alla <b>decima edizione<\/b> di <b>Fritto Misto<\/b>, da questo <b>Venerd\u00ec<\/b> fino al <b>4 Maggio<\/b> ad <b>Ascoli Piceno<\/b>. La kermesse, che guider\u00e0 turisti e visitatori nei meandri del gusto, prender\u00e0 il via alle <b>ore 11<\/b> in <b>Piazza Arringo<\/b> dove, per tutta la durata della manifestazione, il <b>Palafritto<\/b> accoglier\u00e0 i buongustai dalle <b>ore 12<\/b> alle <b>ore 15<\/b> e dalle <b>18<\/b> alle <b>23<\/b>.<\/p>\n<p>Al suo interno, i tradizionali sapori mediterranei si alterneranno a quelli esotici delle prelibatezze internazionali. La maratona del gusto si correr\u00e0 fra <b>arancini<\/b>, <b>olive<\/b> e <b>panzerotti<\/b> di casa nostra, <b>empanadas<\/b> peruviane, <b>pita gyros<\/b> greche, <b>tempura<\/b> giapponesi e molto altro ancora. A legare con un <i>fil rouge<\/i> le specialit\u00e0 italiane ed internazionali sar\u00e0 ovviamente la <b>frittura<\/b>, celebrata per i 10 anni della manifestazione con un esclusivo <b>Libro di Ricette<\/b>.<\/p>\n<p>&#8220;<b>10 in pastella &#8211; Ricette e personaggi di Fritto Misto<\/b>&#8221; \u00e8 il titolo della pubblicazione che sar\u00e0 presentata alle <b>ore 18<\/b>, presso il <b>Polo Degustazioni<\/b>. Si tratta di una raccolta di 50 ricette che, negli anni hanno decretato il successo di Fritto Misto, portando la kermesse alla ribalta nazionale perch\u00e9, come si legge nella prefazione &#8220;<i>Una cosa \u00e8 certa: fra tutti i cibi, il fritto \u00e8 il pi\u00f9 amato<\/i>&#8220;.<\/p>\n<p>Per degustarlo nelle sue variet\u00e0 basta acquistare l&#8217;apposito ticket in vendita presso l&#8217;Info Point di Piazza Arringo al costo di 10,00 euro. Oltre a 3 assaggi di frittura, il biglietto comprende anche\u00a0 una degustazione Meletti, una di Acqua Fiuggi e una di Piceno Open presso gli stand dedicati.<\/p>\n<p>Da non perdere neppure le <b>degustazioni<\/b>, i <b>laboratori<\/b> e gli <b>showcooking <\/b>organizzati presso l&#8217;<b>Area Eventi <\/b>e<b> <\/b>l&#8217;attesissimo special event: <b>I Men\u00f9 10 e Lode con un Poker di Chef!<\/b>.<br \/>\nI Maestri di cucina<b> Enrico Mazzaroni<\/b>, <b>Moreno Cedroni<\/b>, <b>Aurelio Damiani<\/b> ed <b>Errico Recanati<\/b> sono quest&#8217;anno gli attesi ospiti della kermesse, organizzata come di consueto dalla <b>Tuber Communications <\/b>e dall\u2019<b>Agenzia Sedicieventi<\/b>.<\/p>\n<p>Assolutamente da visitare anche lo spazio dedicato al <b>progetto di filiera Piceno Open<\/b>, perch\u00e9 Fritto Misto contribuisce anche all\u2019economia del territorio, e l\u2019area riservata a <b>Piceno Senso Creativo<\/b>, perch\u00e9 la kermesse fa da vetrina agli eventi della zona che promuovono e diffondono tutti i prodotti dell\u2019enogastronomia picena. Le <b>Lezioni da bere<\/b>, gli assaggi di vino e birra previsti presso il Polo Degustazioni, rappresentano un altro momento imperdibile dell\u2019edizione 2014.<\/p>\n<p>Questo e ad altro ancora attende i visitatori a Fritto Misto 2014, fino<b> <\/b>al <b>4 Maggio<\/b> ad <b>Ascoli Piceno\u2026 <\/b><\/p>\n<p>Siete pronti a conquistare un<b><i> bel 10 in pastella?<\/i><\/b><\/p>\n<p><b>Per informazioni e prenotazioni: <\/b><\/p>\n<p><b>T <\/b>+39 0735 702394<b> | Sito web <\/b><a href=\"http:\/\/www.frittomistoallitaliana.it\/\" target=\"_blank\">www.frittomistoallitaliana.it<\/a><\/p>\n<p><a href=\"http:\/\/www.turismoitinerante.com\/site\/wp-content\/uploads\/2014\/04\/fritto-misto-ascoli-piceno.jpg\"><img decoding=\"async\" class=\"aligncenter size-full wp-image-28033\" alt=\"fritto-misto-ascoli-piceno\" src=\"http:\/\/www.turismoitinerante.com\/site\/wp-content\/uploads\/2014\/04\/fritto-misto-ascoli-piceno.jpg\" width=\"650\" height=\"432\" srcset=\"https:\/\/www.turismoitinerante.com\/site\/wp-content\/uploads\/2014\/04\/fritto-misto-ascoli-piceno.jpg 650w, https:\/\/www.turismoitinerante.com\/site\/wp-content\/uploads\/2014\/04\/fritto-misto-ascoli-piceno-300x199.jpg 300w, https:\/\/www.turismoitinerante.com\/site\/wp-content\/uploads\/2014\/04\/fritto-misto-ascoli-piceno-400x265.jpg 400w\" sizes=\"(max-width: 650px) 100vw, 650px\" \/><\/a><\/p>\n<div class=\"7863122cad8776726ec303240ed69aa5\" data-index=\"4\" style=\"float: none; margin:10px 0 10px 0; text-align:center;\">\n<script async src=\"\/\/pagead2.googlesyndication.com\/pagead\/js\/adsbygoogle.js\"><\/script>\r\n<!-- 728x90, creato 23\/02\/11 -->\r\n<ins class=\"adsbygoogle\"\r\n     style=\"display:inline-block;width:728px;height:90px\"\r\n     data-ad-client=\"ca-pub-5798583071070083\"\r\n     data-ad-slot=\"5935394872\"><\/ins>\r\n<script>\r\n(adsbygoogle = window.adsbygoogle || []).push({});\r\n<\/script>\n<\/div>\n\n<div style=\"font-size: 0px; height: 0px; line-height: 0px; margin: 0; padding: 0; clear: both;\"><\/div>","protected":false},"excerpt":{"rendered":"<p>L&#8217;inaugurazione alle ore 11 in piazza Arringo. Nel pomeriggio, la presentazione del libro &#8220;10 in pastella &#8211; ricette e personaggi di Fritto Misto&#8221; Sar\u00e0 il ponte del 25 Aprile a dare il via alla decima edizione di Fritto Misto, da questo Venerd\u00ec fino al 4 Maggio ad Ascoli Piceno. La kermesse, che guider\u00e0 turisti e [&hellip;]<\/p>\n","protected":false},"author":1,"featured_media":28034,"comment_status":"closed","ping_status":"open","sticky":false,"template":"","format":"standard","meta":{"ngg_post_thumbnail":0,"jnews-multi-image_gallery":[],"jnews_single_post":[],"jnews_primary_category":[],"jnews_override_counter":[],"footnotes":""},"categories":[643],"tags":[],"class_list":["post-28032","post","type-post","status-publish","format-standard","has-post-thumbnail","hentry","category-itinerari-gustosi"],"yoast_head":"<!-- This site is optimized with the Yoast SEO plugin v27.4 - https:\/\/yoast.com\/product\/yoast-seo-wordpress\/ -->\n<title>Al viala decima edizione di FRITTO MISTO, dal 25 aprile al 4 maggio ad Ascoli Piceno - TI - Turismo Itinerante<\/title>\n<meta name=\"robots\" content=\"index, follow, max-snippet:-1, max-image-preview:large, max-video-preview:-1\" \/>\n<link rel=\"canonical\" href=\"https:\/\/www.turismoitinerante.com\/site\/al-viala-decima-edizione-di-fritto-misto-dal-25-aprile-al-4-maggio-ad-ascoli-piceno\/\" \/>\n<meta property=\"og:locale\" content=\"it_IT\" \/>\n<meta property=\"og:type\" content=\"article\" \/>\n<meta property=\"og:title\" content=\"Al viala decima edizione di FRITTO MISTO, dal 25 aprile al 4 maggio ad Ascoli Piceno - TI - Turismo Itinerante\" \/>\n<meta property=\"og:description\" content=\"L&#8217;inaugurazione alle ore 11 in piazza Arringo. Nel pomeriggio, la presentazione del libro &#8220;10 in pastella &#8211; ricette e personaggi di Fritto Misto&#8221; Sar\u00e0 il ponte del 25 Aprile a dare il via alla decima edizione di Fritto Misto, da questo Venerd\u00ec fino al 4 Maggio ad Ascoli Piceno. La kermesse, che guider\u00e0 turisti e [&hellip;]\" \/>\n<meta property=\"og:url\" content=\"https:\/\/www.turismoitinerante.com\/site\/al-viala-decima-edizione-di-fritto-misto-dal-25-aprile-al-4-maggio-ad-ascoli-piceno\/\" \/>\n<meta property=\"og:site_name\" content=\"TI - Turismo Itinerante\" \/>\n<meta property=\"article:published_time\" content=\"2014-04-23T13:43:45+00:00\" \/>\n<meta property=\"article:modified_time\" content=\"2014-04-23T14:59:03+00:00\" \/>\n<meta property=\"og:image\" content=\"https:\/\/www.turismoitinerante.com\/site\/wp-content\/uploads\/2014\/04\/fritto-misto-fiera-ascoli.jpg\" \/>\n\t<meta property=\"og:image:width\" content=\"300\" \/>\n\t<meta property=\"og:image:height\" content=\"199\" \/>\n\t<meta property=\"og:image:type\" content=\"image\/jpeg\" \/>\n<meta name=\"author\" content=\"admin\" \/>\n<meta name=\"twitter:card\" content=\"summary_large_image\" \/>\n<meta name=\"twitter:label1\" content=\"Scritto da\" \/>\n\t<meta name=\"twitter:data1\" content=\"admin\" \/>\n\t<meta name=\"twitter:label2\" content=\"Tempo di lettura stimato\" \/>\n\t<meta name=\"twitter:data2\" content=\"2 minuti\" \/>\n<script type=\"application\/ld+json\" class=\"yoast-schema-graph\">{\"@context\":\"https:\\\/\\\/schema.org\",\"@graph\":[{\"@type\":\"Article\",\"@id\":\"https:\\\/\\\/www.turismoitinerante.com\\\/site\\\/al-viala-decima-edizione-di-fritto-misto-dal-25-aprile-al-4-maggio-ad-ascoli-piceno\\\/#article\",\"isPartOf\":{\"@id\":\"https:\\\/\\\/www.turismoitinerante.com\\\/site\\\/al-viala-decima-edizione-di-fritto-misto-dal-25-aprile-al-4-maggio-ad-ascoli-piceno\\\/\"},\"author\":{\"name\":\"admin\",\"@id\":\"https:\\\/\\\/www.turismoitinerante.com\\\/site\\\/#\\\/schema\\\/person\\\/1e1238d2d1617438f3682e54bf4d6c05\"},\"headline\":\"Al viala decima edizione di FRITTO MISTO, dal 25 aprile al 4 maggio ad Ascoli Piceno\",\"datePublished\":\"2014-04-23T13:43:45+00:00\",\"dateModified\":\"2014-04-23T14:59:03+00:00\",\"mainEntityOfPage\":{\"@id\":\"https:\\\/\\\/www.turismoitinerante.com\\\/site\\\/al-viala-decima-edizione-di-fritto-misto-dal-25-aprile-al-4-maggio-ad-ascoli-piceno\\\/\"},\"wordCount\":439,\"image\":{\"@id\":\"https:\\\/\\\/www.turismoitinerante.com\\\/site\\\/al-viala-decima-edizione-di-fritto-misto-dal-25-aprile-al-4-maggio-ad-ascoli-piceno\\\/#primaryimage\"},\"thumbnailUrl\":\"https:\\\/\\\/www.turismoitinerante.com\\\/site\\\/wp-content\\\/uploads\\\/2014\\\/04\\\/fritto-misto-fiera-ascoli.jpg\",\"articleSection\":[\"Itinerari Gustosi\"],\"inLanguage\":\"it-IT\"},{\"@type\":\"WebPage\",\"@id\":\"https:\\\/\\\/www.turismoitinerante.com\\\/site\\\/al-viala-decima-edizione-di-fritto-misto-dal-25-aprile-al-4-maggio-ad-ascoli-piceno\\\/\",\"url\":\"https:\\\/\\\/www.turismoitinerante.com\\\/site\\\/al-viala-decima-edizione-di-fritto-misto-dal-25-aprile-al-4-maggio-ad-ascoli-piceno\\\/\",\"name\":\"Al viala decima edizione di FRITTO MISTO, dal 25 aprile al 4 maggio ad Ascoli Piceno - TI - Turismo Itinerante\",\"isPartOf\":{\"@id\":\"https:\\\/\\\/www.turismoitinerante.com\\\/site\\\/#website\"},\"primaryImageOfPage\":{\"@id\":\"https:\\\/\\\/www.turismoitinerante.com\\\/site\\\/al-viala-decima-edizione-di-fritto-misto-dal-25-aprile-al-4-maggio-ad-ascoli-piceno\\\/#primaryimage\"},\"image\":{\"@id\":\"https:\\\/\\\/www.turismoitinerante.com\\\/site\\\/al-viala-decima-edizione-di-fritto-misto-dal-25-aprile-al-4-maggio-ad-ascoli-piceno\\\/#primaryimage\"},\"thumbnailUrl\":\"https:\\\/\\\/www.turismoitinerante.com\\\/site\\\/wp-content\\\/uploads\\\/2014\\\/04\\\/fritto-misto-fiera-ascoli.jpg\",\"datePublished\":\"2014-04-23T13:43:45+00:00\",\"dateModified\":\"2014-04-23T14:59:03+00:00\",\"author\":{\"@id\":\"https:\\\/\\\/www.turismoitinerante.com\\\/site\\\/#\\\/schema\\\/person\\\/1e1238d2d1617438f3682e54bf4d6c05\"},\"breadcrumb\":{\"@id\":\"https:\\\/\\\/www.turismoitinerante.com\\\/site\\\/al-viala-decima-edizione-di-fritto-misto-dal-25-aprile-al-4-maggio-ad-ascoli-piceno\\\/#breadcrumb\"},\"inLanguage\":\"it-IT\",\"potentialAction\":[{\"@type\":\"ReadAction\",\"target\":[\"https:\\\/\\\/www.turismoitinerante.com\\\/site\\\/al-viala-decima-edizione-di-fritto-misto-dal-25-aprile-al-4-maggio-ad-ascoli-piceno\\\/\"]}]},{\"@type\":\"ImageObject\",\"inLanguage\":\"it-IT\",\"@id\":\"https:\\\/\\\/www.turismoitinerante.com\\\/site\\\/al-viala-decima-edizione-di-fritto-misto-dal-25-aprile-al-4-maggio-ad-ascoli-piceno\\\/#primaryimage\",\"url\":\"https:\\\/\\\/www.turismoitinerante.com\\\/site\\\/wp-content\\\/uploads\\\/2014\\\/04\\\/fritto-misto-fiera-ascoli.jpg\",\"contentUrl\":\"https:\\\/\\\/www.turismoitinerante.com\\\/site\\\/wp-content\\\/uploads\\\/2014\\\/04\\\/fritto-misto-fiera-ascoli.jpg\",\"width\":300,\"height\":199,\"caption\":\"fritto-misto-fiera-ascoli\"},{\"@type\":\"BreadcrumbList\",\"@id\":\"https:\\\/\\\/www.turismoitinerante.com\\\/site\\\/al-viala-decima-edizione-di-fritto-misto-dal-25-aprile-al-4-maggio-ad-ascoli-piceno\\\/#breadcrumb\",\"itemListElement\":[{\"@type\":\"ListItem\",\"position\":1,\"name\":\"Home\",\"item\":\"https:\\\/\\\/www.turismoitinerante.com\\\/site\\\/\"},{\"@type\":\"ListItem\",\"position\":2,\"name\":\"Al viala decima edizione di FRITTO MISTO, dal 25 aprile al 4 maggio ad Ascoli Piceno\"}]},{\"@type\":\"WebSite\",\"@id\":\"https:\\\/\\\/www.turismoitinerante.com\\\/site\\\/#website\",\"url\":\"https:\\\/\\\/www.turismoitinerante.com\\\/site\\\/\",\"name\":\"TI - Turismo Itinerante\",\"description\":\"Ritrovarsi su internet per informarsi, per informare. Il portale del turismo itinerante. Una infinit\u00e0 di notizie su camper, itinerari, aree sosta camper, concessionari, campeggi, agriturismo, raduni, sagre, fiere, mostre, associazioni, club, forum, bacheca annunci\",\"potentialAction\":[{\"@type\":\"SearchAction\",\"target\":{\"@type\":\"EntryPoint\",\"urlTemplate\":\"https:\\\/\\\/www.turismoitinerante.com\\\/site\\\/?s={search_term_string}\"},\"query-input\":{\"@type\":\"PropertyValueSpecification\",\"valueRequired\":true,\"valueName\":\"search_term_string\"}}],\"inLanguage\":\"it-IT\"},{\"@type\":\"Person\",\"@id\":\"https:\\\/\\\/www.turismoitinerante.com\\\/site\\\/#\\\/schema\\\/person\\\/1e1238d2d1617438f3682e54bf4d6c05\",\"name\":\"admin\",\"image\":{\"@type\":\"ImageObject\",\"inLanguage\":\"it-IT\",\"@id\":\"https:\\\/\\\/secure.gravatar.com\\\/avatar\\\/9102d8c23b35e2809b07ebc42ce126daa3d6a47cce9878a22d14d9852ade629e?s=96&d=mm&r=g\",\"url\":\"https:\\\/\\\/secure.gravatar.com\\\/avatar\\\/9102d8c23b35e2809b07ebc42ce126daa3d6a47cce9878a22d14d9852ade629e?s=96&d=mm&r=g\",\"contentUrl\":\"https:\\\/\\\/secure.gravatar.com\\\/avatar\\\/9102d8c23b35e2809b07ebc42ce126daa3d6a47cce9878a22d14d9852ade629e?s=96&d=mm&r=g\",\"caption\":\"admin\"},\"url\":\"https:\\\/\\\/www.turismoitinerante.com\\\/site\\\/author\\\/admin\\\/\"}]}<\/script>\n<!-- \/ Yoast SEO plugin. -->","yoast_head_json":{"title":"Al viala decima edizione di FRITTO MISTO, dal 25 aprile al 4 maggio ad Ascoli Piceno - TI - Turismo Itinerante","robots":{"index":"index","follow":"follow","max-snippet":"max-snippet:-1","max-image-preview":"max-image-preview:large","max-video-preview":"max-video-preview:-1"},"canonical":"https:\/\/www.turismoitinerante.com\/site\/al-viala-decima-edizione-di-fritto-misto-dal-25-aprile-al-4-maggio-ad-ascoli-piceno\/","og_locale":"it_IT","og_type":"article","og_title":"Al viala decima edizione di FRITTO MISTO, dal 25 aprile al 4 maggio ad Ascoli Piceno - TI - Turismo Itinerante","og_description":"L&#8217;inaugurazione alle ore 11 in piazza Arringo. Nel pomeriggio, la presentazione del libro &#8220;10 in pastella &#8211; ricette e personaggi di Fritto Misto&#8221; Sar\u00e0 il ponte del 25 Aprile a dare il via alla decima edizione di Fritto Misto, da questo Venerd\u00ec fino al 4 Maggio ad Ascoli Piceno. La kermesse, che guider\u00e0 turisti e [&hellip;]","og_url":"https:\/\/www.turismoitinerante.com\/site\/al-viala-decima-edizione-di-fritto-misto-dal-25-aprile-al-4-maggio-ad-ascoli-piceno\/","og_site_name":"TI - Turismo Itinerante","article_published_time":"2014-04-23T13:43:45+00:00","article_modified_time":"2014-04-23T14:59:03+00:00","og_image":[{"width":300,"height":199,"url":"https:\/\/www.turismoitinerante.com\/site\/wp-content\/uploads\/2014\/04\/fritto-misto-fiera-ascoli.jpg","type":"image\/jpeg"}],"author":"admin","twitter_card":"summary_large_image","twitter_misc":{"Scritto da":"admin","Tempo di lettura stimato":"2 minuti"},"schema":{"@context":"https:\/\/schema.org","@graph":[{"@type":"Article","@id":"https:\/\/www.turismoitinerante.com\/site\/al-viala-decima-edizione-di-fritto-misto-dal-25-aprile-al-4-maggio-ad-ascoli-piceno\/#article","isPartOf":{"@id":"https:\/\/www.turismoitinerante.com\/site\/al-viala-decima-edizione-di-fritto-misto-dal-25-aprile-al-4-maggio-ad-ascoli-piceno\/"},"author":{"name":"admin","@id":"https:\/\/www.turismoitinerante.com\/site\/#\/schema\/person\/1e1238d2d1617438f3682e54bf4d6c05"},"headline":"Al viala decima edizione di FRITTO MISTO, dal 25 aprile al 4 maggio ad Ascoli Piceno","datePublished":"2014-04-23T13:43:45+00:00","dateModified":"2014-04-23T14:59:03+00:00","mainEntityOfPage":{"@id":"https:\/\/www.turismoitinerante.com\/site\/al-viala-decima-edizione-di-fritto-misto-dal-25-aprile-al-4-maggio-ad-ascoli-piceno\/"},"wordCount":439,"image":{"@id":"https:\/\/www.turismoitinerante.com\/site\/al-viala-decima-edizione-di-fritto-misto-dal-25-aprile-al-4-maggio-ad-ascoli-piceno\/#primaryimage"},"thumbnailUrl":"https:\/\/www.turismoitinerante.com\/site\/wp-content\/uploads\/2014\/04\/fritto-misto-fiera-ascoli.jpg","articleSection":["Itinerari Gustosi"],"inLanguage":"it-IT"},{"@type":"WebPage","@id":"https:\/\/www.turismoitinerante.com\/site\/al-viala-decima-edizione-di-fritto-misto-dal-25-aprile-al-4-maggio-ad-ascoli-piceno\/","url":"https:\/\/www.turismoitinerante.com\/site\/al-viala-decima-edizione-di-fritto-misto-dal-25-aprile-al-4-maggio-ad-ascoli-piceno\/","name":"Al viala decima edizione di FRITTO MISTO, dal 25 aprile al 4 maggio ad Ascoli Piceno - TI - Turismo Itinerante","isPartOf":{"@id":"https:\/\/www.turismoitinerante.com\/site\/#website"},"primaryImageOfPage":{"@id":"https:\/\/www.turismoitinerante.com\/site\/al-viala-decima-edizione-di-fritto-misto-dal-25-aprile-al-4-maggio-ad-ascoli-piceno\/#primaryimage"},"image":{"@id":"https:\/\/www.turismoitinerante.com\/site\/al-viala-decima-edizione-di-fritto-misto-dal-25-aprile-al-4-maggio-ad-ascoli-piceno\/#primaryimage"},"thumbnailUrl":"https:\/\/www.turismoitinerante.com\/site\/wp-content\/uploads\/2014\/04\/fritto-misto-fiera-ascoli.jpg","datePublished":"2014-04-23T13:43:45+00:00","dateModified":"2014-04-23T14:59:03+00:00","author":{"@id":"https:\/\/www.turismoitinerante.com\/site\/#\/schema\/person\/1e1238d2d1617438f3682e54bf4d6c05"},"breadcrumb":{"@id":"https:\/\/www.turismoitinerante.com\/site\/al-viala-decima-edizione-di-fritto-misto-dal-25-aprile-al-4-maggio-ad-ascoli-piceno\/#breadcrumb"},"inLanguage":"it-IT","potentialAction":[{"@type":"ReadAction","target":["https:\/\/www.turismoitinerante.com\/site\/al-viala-decima-edizione-di-fritto-misto-dal-25-aprile-al-4-maggio-ad-ascoli-piceno\/"]}]},{"@type":"ImageObject","inLanguage":"it-IT","@id":"https:\/\/www.turismoitinerante.com\/site\/al-viala-decima-edizione-di-fritto-misto-dal-25-aprile-al-4-maggio-ad-ascoli-piceno\/#primaryimage","url":"https:\/\/www.turismoitinerante.com\/site\/wp-content\/uploads\/2014\/04\/fritto-misto-fiera-ascoli.jpg","contentUrl":"https:\/\/www.turismoitinerante.com\/site\/wp-content\/uploads\/2014\/04\/fritto-misto-fiera-ascoli.jpg","width":300,"height":199,"caption":"fritto-misto-fiera-ascoli"},{"@type":"BreadcrumbList","@id":"https:\/\/www.turismoitinerante.com\/site\/al-viala-decima-edizione-di-fritto-misto-dal-25-aprile-al-4-maggio-ad-ascoli-piceno\/#breadcrumb","itemListElement":[{"@type":"ListItem","position":1,"name":"Home","item":"https:\/\/www.turismoitinerante.com\/site\/"},{"@type":"ListItem","position":2,"name":"Al viala decima edizione di FRITTO MISTO, dal 25 aprile al 4 maggio ad Ascoli Piceno"}]},{"@type":"WebSite","@id":"https:\/\/www.turismoitinerante.com\/site\/#website","url":"https:\/\/www.turismoitinerante.com\/site\/","name":"TI - Turismo Itinerante","description":"Ritrovarsi su internet per informarsi, per informare. Il portale del turismo itinerante. Una infinit\u00e0 di notizie su camper, itinerari, aree sosta camper, concessionari, campeggi, agriturismo, raduni, sagre, fiere, mostre, associazioni, club, forum, bacheca annunci","potentialAction":[{"@type":"SearchAction","target":{"@type":"EntryPoint","urlTemplate":"https:\/\/www.turismoitinerante.com\/site\/?s={search_term_string}"},"query-input":{"@type":"PropertyValueSpecification","valueRequired":true,"valueName":"search_term_string"}}],"inLanguage":"it-IT"},{"@type":"Person","@id":"https:\/\/www.turismoitinerante.com\/site\/#\/schema\/person\/1e1238d2d1617438f3682e54bf4d6c05","name":"admin","image":{"@type":"ImageObject","inLanguage":"it-IT","@id":"https:\/\/secure.gravatar.com\/avatar\/9102d8c23b35e2809b07ebc42ce126daa3d6a47cce9878a22d14d9852ade629e?s=96&d=mm&r=g","url":"https:\/\/secure.gravatar.com\/avatar\/9102d8c23b35e2809b07ebc42ce126daa3d6a47cce9878a22d14d9852ade629e?s=96&d=mm&r=g","contentUrl":"https:\/\/secure.gravatar.com\/avatar\/9102d8c23b35e2809b07ebc42ce126daa3d6a47cce9878a22d14d9852ade629e?s=96&d=mm&r=g","caption":"admin"},"url":"https:\/\/www.turismoitinerante.com\/site\/author\/admin\/"}]}},"_links":{"self":[{"href":"https:\/\/www.turismoitinerante.com\/site\/wp-json\/wp\/v2\/posts\/28032","targetHints":{"allow":["GET"]}}],"collection":[{"href":"https:\/\/www.turismoitinerante.com\/site\/wp-json\/wp\/v2\/posts"}],"about":[{"href":"https:\/\/www.turismoitinerante.com\/site\/wp-json\/wp\/v2\/types\/post"}],"author":[{"embeddable":true,"href":"https:\/\/www.turismoitinerante.com\/site\/wp-json\/wp\/v2\/users\/1"}],"replies":[{"embeddable":true,"href":"https:\/\/www.turismoitinerante.com\/site\/wp-json\/wp\/v2\/comments?post=28032"}],"version-history":[{"count":1,"href":"https:\/\/www.turismoitinerante.com\/site\/wp-json\/wp\/v2\/posts\/28032\/revisions"}],"predecessor-version":[{"id":28035,"href":"https:\/\/www.turismoitinerante.com\/site\/wp-json\/wp\/v2\/posts\/28032\/revisions\/28035"}],"wp:featuredmedia":[{"embeddable":true,"href":"https:\/\/www.turismoitinerante.com\/site\/wp-json\/wp\/v2\/media\/28034"}],"wp:attachment":[{"href":"https:\/\/www.turismoitinerante.com\/site\/wp-json\/wp\/v2\/media?parent=28032"}],"wp:term":[{"taxonomy":"category","embeddable":true,"href":"https:\/\/www.turismoitinerante.com\/site\/wp-json\/wp\/v2\/categories?post=28032"},{"taxonomy":"post_tag","embeddable":true,"href":"https:\/\/www.turismoitinerante.com\/site\/wp-json\/wp\/v2\/tags?post=28032"}],"curies":[{"name":"wp","href":"https:\/\/api.w.org\/{rel}","templated":true}]}}