{"id":27718,"date":"2014-04-07T08:45:26","date_gmt":"2014-04-07T07:45:26","guid":{"rendered":"http:\/\/www.turismoitinerante.com\/site\/?p=27718"},"modified":"2014-04-07T08:45:26","modified_gmt":"2014-04-07T07:45:26","slug":"i-riti-pasquali-di-sessa-aurunca-in-provincia-di-caserta-sessa-tra-etnografia-folclore-e-religiosita","status":"publish","type":"post","link":"https:\/\/www.turismoitinerante.com\/site\/i-riti-pasquali-di-sessa-aurunca-in-provincia-di-caserta-sessa-tra-etnografia-folclore-e-religiosita\/","title":{"rendered":"I riti pasquali di Sessa Aurunca in provincia di Caserta Sessa tra etnografia, folclore e religiosit\u00e0."},"content":{"rendered":"<p><i>&#8220;Che possiate essere maledetti. Che il vostro santo venerd\u00ec sia sempre segnato da pioggia e vento\u201d. Secondo un\u2019antica leggenda la pioggia, che puntualmente funesta la processione del Venerd\u00ec Santo a Sessa Aurunca, non sarebbe casuale ma frutto di un\u2019antica maledizione lanciata un vescovo \u2013 il cui nome si \u00e8 perso nel tempo &#8211; allontanato dai suoi concittadini forse proprio perch\u00e9 desideroso di cambiare i riti locali&#8221;.<\/i><\/p>\n<p><strong>Sar\u00e0 una leggenda, ma la pioggia \u00e8 divenuta una costante dei Venerd\u00ec Santi sessani. Le processioni pasquali a Sessa Aurunca, in provincia di Caserta, sono un connubio di folclore e religiosit\u00e0<\/strong>.<\/p>\n<p>&nbsp;<\/p>\n<p>Iniziano in Luned\u00ec Santo (all\u2019indomani delle Palme) per terminare in Luned\u00ec In Albis (successivo al giorno di Pasqua, che nel caso in specie coincide con la festa patronale). Sette giorni di intensa religiosit\u00e0: tra passato e presente, mondanit\u00e0 e sacralit\u00e0.<\/p>\n<p><a href=\"http:\/\/www.turismoitinerante.com\/site\/wp-content\/uploads\/2014\/04\/settimana-santa-sessa-aurunca.jpg\"><img decoding=\"async\" class=\"aligncenter size-full wp-image-27719\" alt=\"La settimana santa a Sessa Aurunca tra etnografia, folclore e religiosit\u00e0.\" src=\"http:\/\/www.turismoitinerante.com\/site\/wp-content\/uploads\/2014\/04\/settimana-santa-sessa-aurunca.jpg\" width=\"650\" height=\"433\" srcset=\"https:\/\/www.turismoitinerante.com\/site\/wp-content\/uploads\/2014\/04\/settimana-santa-sessa-aurunca.jpg 650w, https:\/\/www.turismoitinerante.com\/site\/wp-content\/uploads\/2014\/04\/settimana-santa-sessa-aurunca-300x199.jpg 300w, https:\/\/www.turismoitinerante.com\/site\/wp-content\/uploads\/2014\/04\/settimana-santa-sessa-aurunca-400x266.jpg 400w\" sizes=\"(max-width: 650px) 100vw, 650px\" \/><\/a><\/p>\n<p>Un regio decreto del XVI sec. stabiliva l\u2019ordine processionale. Ad aprire le processioni della Settimana Santa ci pensa l\u2019Arciconfraternita di San Biagio, del 1513, con le \u201cmozzette\u201d \u2013 ossia, la parte superiore dell\u2019abito talare \u2013 di color vinaccia; seguono nel pomeriggio i confratelli dell\u2019Arciconfraternita del Ss. Rifugio conosciuta anche come la Confraternita dei Carcerati, per la propria <i>mission<\/i>; e<i> <\/i>l\u2019indomani l\u2019Arciconfraternita del Ss. Crocifisso, in mattinata, e quella dell\u2019Immacolata Concezione, nel pomeriggio.<\/p>\n<p>Il mercoled\u00ec Santo, ultimo giorno delle processioni penitenziali, \u00e8 il turno della Confraternita di San Carlo Borromeo, e nel pomeriggio escono i confratelli della Vergine del Rosario, con mozzetta di raso nero, che hanno il privilegio di chiudere le processioni penitenziali. Considerata un tempo la \u201cCongrega dei Signori\u201d, per il ceto sociale d\u2019appartenenza: la nobilt\u00e0 locale; far parte di essa \u00e8 ancora oggi questione di status.<\/p>\n<p>In serata ha luogo una delle cerimonie pi\u00f9 suggestive e ricche di patos: l\u2019Ufficio delle Tenebre, conosciuto dai profani come <i>Il Terremoto del Mercoled\u00ec<\/i>. Nel Chiesa dei frati minori di San Giovanni a Villa, del XV sec., i confratelli del Santissimo Crocifisso inscenano il terremoto che avrebbe accompagnato la morte di Nostro Signore.<\/p>\n<p>Nell\u2019abside della Chiesa siedono i Confratelli vestiti interamente di nero; dal fondo si leva forte e struggente il Canto del \u201cMattutinum Tenebrarum\u201d, le \u201cLamentationes\u201d del profeta Geremia e dei Santi Agostino e Paolo, e infine il \u201cMiserere\u201d, un canto arcaico tanto caro ai sessani.<\/p>\n<p>Nell\u2019oscurit\u00e0 un candeliere triangolare \u2013 detto saetta \u2013 illumina la chiesa con quindici candele che vengono spente una alla volta dopo la recitazione di ciascun salmo, fino a che non ne rimane che una &#8211; quella pi\u00f9 alta che forma il vertice del triangolo &#8211; quest\u2019ultima viene quindi nascosta dietro l\u2019altare, facendo quindi scendere il buio completo, \u00e8 a questo punto che i presenti iniziano a battere le mani sui banchi e sembra quasi che il tempio inizia a tremare.<\/p>\n<p>Per evitare conseguenze negative da qualche anno i frati hanno adottato un servizio di sicurezza per impedire ai ragazzini di battere forte vicino ai vetri della porta d\u2019ingresso: una pioggia di cristalli non \u00e8 prevista da alcuna leggenda evangelica.<\/p>\n<p>Il Venerd\u00ec sera \u201cva in scena\u201d, il rito pi\u00f9 commovente della Settimana: la Processione dei Misteri. I Neri \u2013 i\u00a0 Confratelli del Ss. Crocifisso \u2013 dall\u2019imbrunire fino a notte fonda percorrono le vie del paese, portando in spalla statue in cartapesta \u2013 che secondo la leggenda furono fabbricate dai carcerati a titolo votivo &#8211;\u00a0 raffiguranti i Misteri Dolorosi.<\/p>\n<p>I portatori procedono lentamente: tre passi avanti e due indietro; \u00e8 questa la tipica andatura detta a \u201ccunnulella\u201d, che con il canto del \u201cMiserere\u201d \u2013 un vocalizzo polivocale a tre voci del Salmo 51, <i>questione di corna, morte e pentimenti<\/i> \u2013 rendono questa processione unica nel suo genere.<\/p>\n<p>Il sabato \u00e8 la volta della Confraternita di san Carlo Borromeo, custode del gruppo scultoreo \u201cLa Deposizione del Cristo\u201d e dell\u2019Arciconfraternita del Ss. Rifugio, tutori della statua dell\u2019Addolorata.<\/p>\n<p>Si tratta di una cerimonia commovente e ricca di patos, perch\u00e9 i due gruppi lignei con i loro devoti percorrono il borgo lungo sentieri diversi per incontrarsi dinanzi alla Chiesa dell\u2019Addolorata, sede della confraternita del Ss. Rifugio dove, la statua della \u201cDeposizione del Cristo\u201d \u2013 con i suoi portatori &#8211; si inchina dinanzi all\u2019Addolorata per salutarla prima che questa si ritiri.<\/p>\n<p>Un tempo i due cortei procedevano separati ed il loro incontro era visto come foriero di sventure. \u201cSe s&#8217;incontrano S. Carlo e l&#8217;Addolorata viene la fine del mondo\u201d, si vociferava in giro. E in realt\u00e0 per questioni di precedenza non di raro, nel corso dei secoli, i due cortei erano giunti alle mani.<\/p>\n<p>Ma nel 1967, l\u2019allora vescovo V. M. Costantini, da buon francescano, decise che questa storia doveva finire. Sospese tutte le processioni pasquali per punire i tumulti e decise, per l\u2019anno seguente, di unire i due cortei dando vita alla processione nuova ed emozionante.<\/p>\n<p>Oltre ai vicoli medievali estremamente suggestivi, una visita merita indubbiamente il Castello Ducale, dell\u2019 VIII sec., dove fu redatto il Placito di Sessa, uno dei pi\u00f9 antichi documenti in volgare.<\/p>\n<p>Interessante \u00e8 la loggia del giardino pensile, interna al castello, e le finestre catalane dei Salone dei Quadri, dove sono custoditi due immensi quadri di Luigi Toro, artista e patriota risorgimentale, raffigurati <i>Agostino Nifo e Carlo V<\/i>, e <i>Taddeo da Sessa al Concilio di Lione<\/i>. Oggi, oltre ad ospitare una\u00a0biblioteca e sale per eventi, ospita il\u00a0Museo Civico archeologico, con reperti provenienti dalla zona archeologica del teatro romano e del criptoportico.<\/p>\n<p>Preziose sono le statue del Dio Nilo e la Matidia Minore, in marmo bianco e grigio, raffigurante la cognata del\u2019imperatore Adriano che sponsorizz\u00f2 i lavori di abbellimento del Teatro del I secolo d. C. Pregevole \u00e8 la Cattedrale romanica che conserva una stupenda pavimentazione mosaicata da poco ristrutturata, un ambone con cero pasquale tra i pi\u00f9 belli del Medioevo e una tela<\/p>\n<div class=\"7863122cad8776726ec303240ed69aa5\" data-index=\"4\" style=\"float: none; margin:10px 0 10px 0; text-align:center;\">\n<script async src=\"\/\/pagead2.googlesyndication.com\/pagead\/js\/adsbygoogle.js\"><\/script>\r\n<!-- 728x90, creato 23\/02\/11 -->\r\n<ins class=\"adsbygoogle\"\r\n     style=\"display:inline-block;width:728px;height:90px\"\r\n     data-ad-client=\"ca-pub-5798583071070083\"\r\n     data-ad-slot=\"5935394872\"><\/ins>\r\n<script>\r\n(adsbygoogle = window.adsbygoogle || []).push({});\r\n<\/script>\n<\/div>\n\n<div style=\"font-size: 0px; height: 0px; line-height: 0px; margin: 0; padding: 0; clear: both;\"><\/div>","protected":false},"excerpt":{"rendered":"<p>&#8220;Che possiate essere maledetti. Che il vostro santo venerd\u00ec sia sempre segnato da pioggia e vento\u201d. Secondo un\u2019antica leggenda la pioggia, che puntualmente funesta la processione del Venerd\u00ec Santo a Sessa Aurunca, non sarebbe casuale ma frutto di un\u2019antica maledizione lanciata un vescovo \u2013 il cui nome si \u00e8 perso nel tempo &#8211; allontanato dai [&hellip;]<\/p>\n","protected":false},"author":1,"featured_media":27719,"comment_status":"closed","ping_status":"open","sticky":false,"template":"","format":"standard","meta":{"ngg_post_thumbnail":0,"jnews-multi-image_gallery":[],"jnews_single_post":[],"jnews_primary_category":[],"jnews_override_counter":[],"footnotes":""},"categories":[621],"tags":[],"class_list":["post-27718","post","type-post","status-publish","format-standard","has-post-thumbnail","hentry","category-info-turismo"],"yoast_head":"<!-- This site is optimized with the Yoast SEO plugin v27.4 - https:\/\/yoast.com\/product\/yoast-seo-wordpress\/ -->\n<title>I riti pasquali di Sessa Aurunca in provincia di Caserta Sessa tra etnografia, folclore e religiosit\u00e0. - TI - Turismo Itinerante<\/title>\n<meta name=\"robots\" content=\"index, follow, max-snippet:-1, max-image-preview:large, max-video-preview:-1\" \/>\n<link rel=\"canonical\" href=\"https:\/\/www.turismoitinerante.com\/site\/i-riti-pasquali-di-sessa-aurunca-in-provincia-di-caserta-sessa-tra-etnografia-folclore-e-religiosita\/\" \/>\n<meta property=\"og:locale\" content=\"it_IT\" \/>\n<meta property=\"og:type\" content=\"article\" \/>\n<meta property=\"og:title\" content=\"I riti pasquali di Sessa Aurunca in provincia di Caserta Sessa tra etnografia, folclore e religiosit\u00e0. - TI - Turismo Itinerante\" \/>\n<meta property=\"og:description\" content=\"&#8220;Che possiate essere maledetti. Che il vostro santo venerd\u00ec sia sempre segnato da pioggia e vento\u201d. Secondo un\u2019antica leggenda la pioggia, che puntualmente funesta la processione del Venerd\u00ec Santo a Sessa Aurunca, non sarebbe casuale ma frutto di un\u2019antica maledizione lanciata un vescovo \u2013 il cui nome si \u00e8 perso nel tempo &#8211; allontanato dai [&hellip;]\" \/>\n<meta property=\"og:url\" content=\"https:\/\/www.turismoitinerante.com\/site\/i-riti-pasquali-di-sessa-aurunca-in-provincia-di-caserta-sessa-tra-etnografia-folclore-e-religiosita\/\" \/>\n<meta property=\"og:site_name\" content=\"TI - Turismo Itinerante\" \/>\n<meta property=\"article:published_time\" content=\"2014-04-07T07:45:26+00:00\" \/>\n<meta property=\"og:image\" content=\"https:\/\/www.turismoitinerante.com\/site\/wp-content\/uploads\/2014\/04\/settimana-santa-sessa-aurunca.jpg\" \/>\n\t<meta property=\"og:image:width\" content=\"650\" \/>\n\t<meta property=\"og:image:height\" content=\"433\" \/>\n\t<meta property=\"og:image:type\" content=\"image\/jpeg\" \/>\n<meta name=\"author\" content=\"admin\" \/>\n<meta name=\"twitter:card\" content=\"summary_large_image\" \/>\n<meta name=\"twitter:label1\" content=\"Scritto da\" \/>\n\t<meta name=\"twitter:data1\" content=\"admin\" \/>\n\t<meta name=\"twitter:label2\" content=\"Tempo di lettura stimato\" \/>\n\t<meta name=\"twitter:data2\" content=\"5 minuti\" \/>\n<script type=\"application\/ld+json\" class=\"yoast-schema-graph\">{\"@context\":\"https:\\\/\\\/schema.org\",\"@graph\":[{\"@type\":\"Article\",\"@id\":\"https:\\\/\\\/www.turismoitinerante.com\\\/site\\\/i-riti-pasquali-di-sessa-aurunca-in-provincia-di-caserta-sessa-tra-etnografia-folclore-e-religiosita\\\/#article\",\"isPartOf\":{\"@id\":\"https:\\\/\\\/www.turismoitinerante.com\\\/site\\\/i-riti-pasquali-di-sessa-aurunca-in-provincia-di-caserta-sessa-tra-etnografia-folclore-e-religiosita\\\/\"},\"author\":{\"name\":\"admin\",\"@id\":\"https:\\\/\\\/www.turismoitinerante.com\\\/site\\\/#\\\/schema\\\/person\\\/1e1238d2d1617438f3682e54bf4d6c05\"},\"headline\":\"I riti pasquali di Sessa Aurunca in provincia di Caserta Sessa tra etnografia, folclore e religiosit\u00e0.\",\"datePublished\":\"2014-04-07T07:45:26+00:00\",\"mainEntityOfPage\":{\"@id\":\"https:\\\/\\\/www.turismoitinerante.com\\\/site\\\/i-riti-pasquali-di-sessa-aurunca-in-provincia-di-caserta-sessa-tra-etnografia-folclore-e-religiosita\\\/\"},\"wordCount\":964,\"image\":{\"@id\":\"https:\\\/\\\/www.turismoitinerante.com\\\/site\\\/i-riti-pasquali-di-sessa-aurunca-in-provincia-di-caserta-sessa-tra-etnografia-folclore-e-religiosita\\\/#primaryimage\"},\"thumbnailUrl\":\"https:\\\/\\\/www.turismoitinerante.com\\\/site\\\/wp-content\\\/uploads\\\/2014\\\/04\\\/settimana-santa-sessa-aurunca.jpg\",\"articleSection\":[\"Turismo\"],\"inLanguage\":\"it-IT\"},{\"@type\":\"WebPage\",\"@id\":\"https:\\\/\\\/www.turismoitinerante.com\\\/site\\\/i-riti-pasquali-di-sessa-aurunca-in-provincia-di-caserta-sessa-tra-etnografia-folclore-e-religiosita\\\/\",\"url\":\"https:\\\/\\\/www.turismoitinerante.com\\\/site\\\/i-riti-pasquali-di-sessa-aurunca-in-provincia-di-caserta-sessa-tra-etnografia-folclore-e-religiosita\\\/\",\"name\":\"I riti pasquali di Sessa Aurunca in provincia di Caserta Sessa tra etnografia, folclore e religiosit\u00e0. - TI - Turismo Itinerante\",\"isPartOf\":{\"@id\":\"https:\\\/\\\/www.turismoitinerante.com\\\/site\\\/#website\"},\"primaryImageOfPage\":{\"@id\":\"https:\\\/\\\/www.turismoitinerante.com\\\/site\\\/i-riti-pasquali-di-sessa-aurunca-in-provincia-di-caserta-sessa-tra-etnografia-folclore-e-religiosita\\\/#primaryimage\"},\"image\":{\"@id\":\"https:\\\/\\\/www.turismoitinerante.com\\\/site\\\/i-riti-pasquali-di-sessa-aurunca-in-provincia-di-caserta-sessa-tra-etnografia-folclore-e-religiosita\\\/#primaryimage\"},\"thumbnailUrl\":\"https:\\\/\\\/www.turismoitinerante.com\\\/site\\\/wp-content\\\/uploads\\\/2014\\\/04\\\/settimana-santa-sessa-aurunca.jpg\",\"datePublished\":\"2014-04-07T07:45:26+00:00\",\"author\":{\"@id\":\"https:\\\/\\\/www.turismoitinerante.com\\\/site\\\/#\\\/schema\\\/person\\\/1e1238d2d1617438f3682e54bf4d6c05\"},\"breadcrumb\":{\"@id\":\"https:\\\/\\\/www.turismoitinerante.com\\\/site\\\/i-riti-pasquali-di-sessa-aurunca-in-provincia-di-caserta-sessa-tra-etnografia-folclore-e-religiosita\\\/#breadcrumb\"},\"inLanguage\":\"it-IT\",\"potentialAction\":[{\"@type\":\"ReadAction\",\"target\":[\"https:\\\/\\\/www.turismoitinerante.com\\\/site\\\/i-riti-pasquali-di-sessa-aurunca-in-provincia-di-caserta-sessa-tra-etnografia-folclore-e-religiosita\\\/\"]}]},{\"@type\":\"ImageObject\",\"inLanguage\":\"it-IT\",\"@id\":\"https:\\\/\\\/www.turismoitinerante.com\\\/site\\\/i-riti-pasquali-di-sessa-aurunca-in-provincia-di-caserta-sessa-tra-etnografia-folclore-e-religiosita\\\/#primaryimage\",\"url\":\"https:\\\/\\\/www.turismoitinerante.com\\\/site\\\/wp-content\\\/uploads\\\/2014\\\/04\\\/settimana-santa-sessa-aurunca.jpg\",\"contentUrl\":\"https:\\\/\\\/www.turismoitinerante.com\\\/site\\\/wp-content\\\/uploads\\\/2014\\\/04\\\/settimana-santa-sessa-aurunca.jpg\",\"width\":650,\"height\":433,\"caption\":\"La settimana santa a Sessa Aurunca tra etnografia, folclore e religiosit\u00e0.\"},{\"@type\":\"BreadcrumbList\",\"@id\":\"https:\\\/\\\/www.turismoitinerante.com\\\/site\\\/i-riti-pasquali-di-sessa-aurunca-in-provincia-di-caserta-sessa-tra-etnografia-folclore-e-religiosita\\\/#breadcrumb\",\"itemListElement\":[{\"@type\":\"ListItem\",\"position\":1,\"name\":\"Home\",\"item\":\"https:\\\/\\\/www.turismoitinerante.com\\\/site\\\/\"},{\"@type\":\"ListItem\",\"position\":2,\"name\":\"I riti pasquali di Sessa Aurunca in provincia di Caserta Sessa tra etnografia, folclore e religiosit\u00e0.\"}]},{\"@type\":\"WebSite\",\"@id\":\"https:\\\/\\\/www.turismoitinerante.com\\\/site\\\/#website\",\"url\":\"https:\\\/\\\/www.turismoitinerante.com\\\/site\\\/\",\"name\":\"TI - Turismo Itinerante\",\"description\":\"Ritrovarsi su internet per informarsi, per informare. Il portale del turismo itinerante. Una infinit\u00e0 di notizie su camper, itinerari, aree sosta camper, concessionari, campeggi, agriturismo, raduni, sagre, fiere, mostre, associazioni, club, forum, bacheca annunci\",\"potentialAction\":[{\"@type\":\"SearchAction\",\"target\":{\"@type\":\"EntryPoint\",\"urlTemplate\":\"https:\\\/\\\/www.turismoitinerante.com\\\/site\\\/?s={search_term_string}\"},\"query-input\":{\"@type\":\"PropertyValueSpecification\",\"valueRequired\":true,\"valueName\":\"search_term_string\"}}],\"inLanguage\":\"it-IT\"},{\"@type\":\"Person\",\"@id\":\"https:\\\/\\\/www.turismoitinerante.com\\\/site\\\/#\\\/schema\\\/person\\\/1e1238d2d1617438f3682e54bf4d6c05\",\"name\":\"admin\",\"image\":{\"@type\":\"ImageObject\",\"inLanguage\":\"it-IT\",\"@id\":\"https:\\\/\\\/secure.gravatar.com\\\/avatar\\\/9102d8c23b35e2809b07ebc42ce126daa3d6a47cce9878a22d14d9852ade629e?s=96&d=mm&r=g\",\"url\":\"https:\\\/\\\/secure.gravatar.com\\\/avatar\\\/9102d8c23b35e2809b07ebc42ce126daa3d6a47cce9878a22d14d9852ade629e?s=96&d=mm&r=g\",\"contentUrl\":\"https:\\\/\\\/secure.gravatar.com\\\/avatar\\\/9102d8c23b35e2809b07ebc42ce126daa3d6a47cce9878a22d14d9852ade629e?s=96&d=mm&r=g\",\"caption\":\"admin\"},\"url\":\"https:\\\/\\\/www.turismoitinerante.com\\\/site\\\/author\\\/admin\\\/\"}]}<\/script>\n<!-- \/ Yoast SEO plugin. -->","yoast_head_json":{"title":"I riti pasquali di Sessa Aurunca in provincia di Caserta Sessa tra etnografia, folclore e religiosit\u00e0. - TI - Turismo Itinerante","robots":{"index":"index","follow":"follow","max-snippet":"max-snippet:-1","max-image-preview":"max-image-preview:large","max-video-preview":"max-video-preview:-1"},"canonical":"https:\/\/www.turismoitinerante.com\/site\/i-riti-pasquali-di-sessa-aurunca-in-provincia-di-caserta-sessa-tra-etnografia-folclore-e-religiosita\/","og_locale":"it_IT","og_type":"article","og_title":"I riti pasquali di Sessa Aurunca in provincia di Caserta Sessa tra etnografia, folclore e religiosit\u00e0. - TI - Turismo Itinerante","og_description":"&#8220;Che possiate essere maledetti. Che il vostro santo venerd\u00ec sia sempre segnato da pioggia e vento\u201d. Secondo un\u2019antica leggenda la pioggia, che puntualmente funesta la processione del Venerd\u00ec Santo a Sessa Aurunca, non sarebbe casuale ma frutto di un\u2019antica maledizione lanciata un vescovo \u2013 il cui nome si \u00e8 perso nel tempo &#8211; allontanato dai [&hellip;]","og_url":"https:\/\/www.turismoitinerante.com\/site\/i-riti-pasquali-di-sessa-aurunca-in-provincia-di-caserta-sessa-tra-etnografia-folclore-e-religiosita\/","og_site_name":"TI - Turismo Itinerante","article_published_time":"2014-04-07T07:45:26+00:00","og_image":[{"width":650,"height":433,"url":"https:\/\/www.turismoitinerante.com\/site\/wp-content\/uploads\/2014\/04\/settimana-santa-sessa-aurunca.jpg","type":"image\/jpeg"}],"author":"admin","twitter_card":"summary_large_image","twitter_misc":{"Scritto da":"admin","Tempo di lettura stimato":"5 minuti"},"schema":{"@context":"https:\/\/schema.org","@graph":[{"@type":"Article","@id":"https:\/\/www.turismoitinerante.com\/site\/i-riti-pasquali-di-sessa-aurunca-in-provincia-di-caserta-sessa-tra-etnografia-folclore-e-religiosita\/#article","isPartOf":{"@id":"https:\/\/www.turismoitinerante.com\/site\/i-riti-pasquali-di-sessa-aurunca-in-provincia-di-caserta-sessa-tra-etnografia-folclore-e-religiosita\/"},"author":{"name":"admin","@id":"https:\/\/www.turismoitinerante.com\/site\/#\/schema\/person\/1e1238d2d1617438f3682e54bf4d6c05"},"headline":"I riti pasquali di Sessa Aurunca in provincia di Caserta Sessa tra etnografia, folclore e religiosit\u00e0.","datePublished":"2014-04-07T07:45:26+00:00","mainEntityOfPage":{"@id":"https:\/\/www.turismoitinerante.com\/site\/i-riti-pasquali-di-sessa-aurunca-in-provincia-di-caserta-sessa-tra-etnografia-folclore-e-religiosita\/"},"wordCount":964,"image":{"@id":"https:\/\/www.turismoitinerante.com\/site\/i-riti-pasquali-di-sessa-aurunca-in-provincia-di-caserta-sessa-tra-etnografia-folclore-e-religiosita\/#primaryimage"},"thumbnailUrl":"https:\/\/www.turismoitinerante.com\/site\/wp-content\/uploads\/2014\/04\/settimana-santa-sessa-aurunca.jpg","articleSection":["Turismo"],"inLanguage":"it-IT"},{"@type":"WebPage","@id":"https:\/\/www.turismoitinerante.com\/site\/i-riti-pasquali-di-sessa-aurunca-in-provincia-di-caserta-sessa-tra-etnografia-folclore-e-religiosita\/","url":"https:\/\/www.turismoitinerante.com\/site\/i-riti-pasquali-di-sessa-aurunca-in-provincia-di-caserta-sessa-tra-etnografia-folclore-e-religiosita\/","name":"I riti pasquali di Sessa Aurunca in provincia di Caserta Sessa tra etnografia, folclore e religiosit\u00e0. - TI - Turismo Itinerante","isPartOf":{"@id":"https:\/\/www.turismoitinerante.com\/site\/#website"},"primaryImageOfPage":{"@id":"https:\/\/www.turismoitinerante.com\/site\/i-riti-pasquali-di-sessa-aurunca-in-provincia-di-caserta-sessa-tra-etnografia-folclore-e-religiosita\/#primaryimage"},"image":{"@id":"https:\/\/www.turismoitinerante.com\/site\/i-riti-pasquali-di-sessa-aurunca-in-provincia-di-caserta-sessa-tra-etnografia-folclore-e-religiosita\/#primaryimage"},"thumbnailUrl":"https:\/\/www.turismoitinerante.com\/site\/wp-content\/uploads\/2014\/04\/settimana-santa-sessa-aurunca.jpg","datePublished":"2014-04-07T07:45:26+00:00","author":{"@id":"https:\/\/www.turismoitinerante.com\/site\/#\/schema\/person\/1e1238d2d1617438f3682e54bf4d6c05"},"breadcrumb":{"@id":"https:\/\/www.turismoitinerante.com\/site\/i-riti-pasquali-di-sessa-aurunca-in-provincia-di-caserta-sessa-tra-etnografia-folclore-e-religiosita\/#breadcrumb"},"inLanguage":"it-IT","potentialAction":[{"@type":"ReadAction","target":["https:\/\/www.turismoitinerante.com\/site\/i-riti-pasquali-di-sessa-aurunca-in-provincia-di-caserta-sessa-tra-etnografia-folclore-e-religiosita\/"]}]},{"@type":"ImageObject","inLanguage":"it-IT","@id":"https:\/\/www.turismoitinerante.com\/site\/i-riti-pasquali-di-sessa-aurunca-in-provincia-di-caserta-sessa-tra-etnografia-folclore-e-religiosita\/#primaryimage","url":"https:\/\/www.turismoitinerante.com\/site\/wp-content\/uploads\/2014\/04\/settimana-santa-sessa-aurunca.jpg","contentUrl":"https:\/\/www.turismoitinerante.com\/site\/wp-content\/uploads\/2014\/04\/settimana-santa-sessa-aurunca.jpg","width":650,"height":433,"caption":"La settimana santa a Sessa Aurunca tra etnografia, folclore e religiosit\u00e0."},{"@type":"BreadcrumbList","@id":"https:\/\/www.turismoitinerante.com\/site\/i-riti-pasquali-di-sessa-aurunca-in-provincia-di-caserta-sessa-tra-etnografia-folclore-e-religiosita\/#breadcrumb","itemListElement":[{"@type":"ListItem","position":1,"name":"Home","item":"https:\/\/www.turismoitinerante.com\/site\/"},{"@type":"ListItem","position":2,"name":"I riti pasquali di Sessa Aurunca in provincia di Caserta Sessa tra etnografia, folclore e religiosit\u00e0."}]},{"@type":"WebSite","@id":"https:\/\/www.turismoitinerante.com\/site\/#website","url":"https:\/\/www.turismoitinerante.com\/site\/","name":"TI - Turismo Itinerante","description":"Ritrovarsi su internet per informarsi, per informare. Il portale del turismo itinerante. Una infinit\u00e0 di notizie su camper, itinerari, aree sosta camper, concessionari, campeggi, agriturismo, raduni, sagre, fiere, mostre, associazioni, club, forum, bacheca annunci","potentialAction":[{"@type":"SearchAction","target":{"@type":"EntryPoint","urlTemplate":"https:\/\/www.turismoitinerante.com\/site\/?s={search_term_string}"},"query-input":{"@type":"PropertyValueSpecification","valueRequired":true,"valueName":"search_term_string"}}],"inLanguage":"it-IT"},{"@type":"Person","@id":"https:\/\/www.turismoitinerante.com\/site\/#\/schema\/person\/1e1238d2d1617438f3682e54bf4d6c05","name":"admin","image":{"@type":"ImageObject","inLanguage":"it-IT","@id":"https:\/\/secure.gravatar.com\/avatar\/9102d8c23b35e2809b07ebc42ce126daa3d6a47cce9878a22d14d9852ade629e?s=96&d=mm&r=g","url":"https:\/\/secure.gravatar.com\/avatar\/9102d8c23b35e2809b07ebc42ce126daa3d6a47cce9878a22d14d9852ade629e?s=96&d=mm&r=g","contentUrl":"https:\/\/secure.gravatar.com\/avatar\/9102d8c23b35e2809b07ebc42ce126daa3d6a47cce9878a22d14d9852ade629e?s=96&d=mm&r=g","caption":"admin"},"url":"https:\/\/www.turismoitinerante.com\/site\/author\/admin\/"}]}},"_links":{"self":[{"href":"https:\/\/www.turismoitinerante.com\/site\/wp-json\/wp\/v2\/posts\/27718","targetHints":{"allow":["GET"]}}],"collection":[{"href":"https:\/\/www.turismoitinerante.com\/site\/wp-json\/wp\/v2\/posts"}],"about":[{"href":"https:\/\/www.turismoitinerante.com\/site\/wp-json\/wp\/v2\/types\/post"}],"author":[{"embeddable":true,"href":"https:\/\/www.turismoitinerante.com\/site\/wp-json\/wp\/v2\/users\/1"}],"replies":[{"embeddable":true,"href":"https:\/\/www.turismoitinerante.com\/site\/wp-json\/wp\/v2\/comments?post=27718"}],"version-history":[{"count":2,"href":"https:\/\/www.turismoitinerante.com\/site\/wp-json\/wp\/v2\/posts\/27718\/revisions"}],"predecessor-version":[{"id":27721,"href":"https:\/\/www.turismoitinerante.com\/site\/wp-json\/wp\/v2\/posts\/27718\/revisions\/27721"}],"wp:featuredmedia":[{"embeddable":true,"href":"https:\/\/www.turismoitinerante.com\/site\/wp-json\/wp\/v2\/media\/27719"}],"wp:attachment":[{"href":"https:\/\/www.turismoitinerante.com\/site\/wp-json\/wp\/v2\/media?parent=27718"}],"wp:term":[{"taxonomy":"category","embeddable":true,"href":"https:\/\/www.turismoitinerante.com\/site\/wp-json\/wp\/v2\/categories?post=27718"},{"taxonomy":"post_tag","embeddable":true,"href":"https:\/\/www.turismoitinerante.com\/site\/wp-json\/wp\/v2\/tags?post=27718"}],"curies":[{"name":"wp","href":"https:\/\/api.w.org\/{rel}","templated":true}]}}