{"id":27715,"date":"2014-04-07T08:36:06","date_gmt":"2014-04-07T07:36:06","guid":{"rendered":"http:\/\/www.turismoitinerante.com\/site\/?p=27715"},"modified":"2014-04-07T08:36:06","modified_gmt":"2014-04-07T07:36:06","slug":"xxiii-edizione-del-campionato-mondiale-della-pizza-che-si-svolgera-a-parma-tra-il-7-e-il-9-aprile","status":"publish","type":"post","link":"https:\/\/www.turismoitinerante.com\/site\/xxiii-edizione-del-campionato-mondiale-della-pizza-che-si-svolgera-a-parma-tra-il-7-e-il-9-aprile\/","title":{"rendered":"XXIII Edizione del Campionato Mondiale della Pizza che si svolger\u00e0 a Parma tra il 7 e il 9 Aprile"},"content":{"rendered":"<p><strong>Ci avviciniamo alla XXIII Edizione del Campionato Mondiale della Pizza che si svolger\u00e0 a Parma tra il 7 e il 9 Aprile. Un evento straordinario che riunisce le eccellenze e le professionalit\u00e0 del mondo della pizza, un piatto diventato capolavoro della cucina italiana amato in tutto il mondo.<\/strong><\/p>\n<p><a href=\"http:\/\/www.turismoitinerante.com\/site\/wp-content\/uploads\/2014\/04\/campionato-pizza-acrobatica-4.jpeg\"><img decoding=\"async\" class=\"aligncenter size-full wp-image-27716\" alt=\"campionato-pizza-acrobatica-4\" src=\"http:\/\/www.turismoitinerante.com\/site\/wp-content\/uploads\/2014\/04\/campionato-pizza-acrobatica-4.jpeg\" width=\"650\" height=\"528\" srcset=\"https:\/\/www.turismoitinerante.com\/site\/wp-content\/uploads\/2014\/04\/campionato-pizza-acrobatica-4.jpeg 650w, https:\/\/www.turismoitinerante.com\/site\/wp-content\/uploads\/2014\/04\/campionato-pizza-acrobatica-4-300x243.jpeg 300w, https:\/\/www.turismoitinerante.com\/site\/wp-content\/uploads\/2014\/04\/campionato-pizza-acrobatica-4-400x324.jpeg 400w\" sizes=\"(max-width: 650px) 100vw, 650px\" \/><\/a><\/p>\n<p>Sono pi\u00f9 di 600 i concorrenti iscritti da tutto il mondo per mettersi alla prova, confrontarsi con i propri colleghi e provare a vincere l\u2019ambito titolo di Campione del Mondo.<\/p>\n<p>Quest\u2019anno durante il Campionato Mondiale della Pizza, la madrina sar\u00e0 l\u2019amatissima Valeria Marini, che, come fece Sofia Loren molti anni fa, sosterr\u00e0 il piatto italiano pi\u00f9 amato al mondo grazie alla sua presenza.<\/p>\n<p>&#8220;Per me \u00e8 un vero piacere partecipare come Madrina a questo evento che accoglie centinaia di pizzaioli provenienti da tutto il mondo per celebrare la regina della tavola italiana: la Pizza! E&#8217; il piatto italiano pi\u00f9 amato al mondo, io adoro la pizza Margherita ma sono curiosa di scoprire quali pizze straordinarie i concorrenti presenteranno a Parma.&#8221;<\/p>\n<p>Il Campionato Mondiale della Pizza \u00e8 organizzato dalla rivista mensile Pizza e Pasta Italiana, il magazine di riferimento nel settore pizza e ristorazione con pizza. La rivista \u00e8 il punto di riferimento in Italia ed all\u2019estero per gli operatori del settore, siano essi ristoratori piuttosto che aziende, investitori, retailer, grossisti e distributori a livello italiano ed internazionale: articoli tecnici, d\u2019attualit\u00e0, cronache, approfondimenti offerti ogni mese dalla redazione fungono da stella polare per capire come si muove il mercato pizza in Italia e nei principali mercati mondiali.<\/p>\n<p>Giunta al 24\u00b0 anno di pubblicazione, Pizza e Pasta Italiana \u00e8 fruibile gratuitamente an- che sul sito www.pizzaepastaitaliana.it piuttosto che attraverso telefoni e tablet (Apple e Android) sia in italiano che in inglese: ogni mese inoltre una ricca newsletter gratuita aggiorna i lettori sulle tendenze e sulle novit\u00e0 del mercato.<\/p>\n<p>Il <strong>Campionato Mondiale della Pizza<\/strong>, giunto alla sua <strong>23\u00b0 edizione<\/strong>, \u00e8 la manifestazione mondiale per eccellenza del settore. Ogni anno pi\u00f9 di 500 concorrenti provenienti da tutto il globo si sfidano in 11 categorie di cottura e abilit\u00e0 mettendo alla prova le proprie conoscenze ed abilit\u00e0, giudicati da attente e competenti giurie che decretano ogni anno i Campioni del Mondo.<br \/>\nLa manifestazione oltre ad essere teatro di gara \u00e8 anche il punto di riferimento per tutti gli operatori e gli specialisti del comparto pizza: organizzatori fieristici, aziende, buyers, un punto di osservazione unico e privilegiato rispetto alle novit\u00e0 ed ai potenziali futuri trend del comparto.<br \/>\nIl Campionato Mondiale della Pizza si terr\u00e0 il 7-8-9 aprile 2014: informazioni, regolamenti, modalit\u00e0 d\u2019iscrizione, partners dell\u2019evento sul sito www.campionatomondialedellapizza.it<\/p>\n<p>PROGRAMMA DELLA MANIFESTAZIONE<\/p>\n<p>LUNEDI 7 APRILE<br \/>\nDalle ore 9.00 apertura della Segreteria presso il Palacassa della Fiera di Parma.<br \/>\nDalle ore 10.00 gare di cottura e selezioni per il Trofeo Heinz Beck.<br \/>\nDalle ore 10.00 gara di \u201cPizza senza Glutine\u201d.<br \/>\nA seguire selezioni per la gara di Stile Libero individuale.<\/p>\n<div class=\"7863122cad8776726ec303240ed69aa5\" data-index=\"4\" style=\"float: none; margin:10px 0 10px 0; text-align:center;\">\n<script async src=\"\/\/pagead2.googlesyndication.com\/pagead\/js\/adsbygoogle.js\"><\/script>\r\n<!-- 728x90, creato 23\/02\/11 -->\r\n<ins class=\"adsbygoogle\"\r\n     style=\"display:inline-block;width:728px;height:90px\"\r\n     data-ad-client=\"ca-pub-5798583071070083\"\r\n     data-ad-slot=\"5935394872\"><\/ins>\r\n<script>\r\n(adsbygoogle = window.adsbygoogle || []).push({});\r\n<\/script>\n<\/div>\n\n<div style=\"font-size: 0px; height: 0px; line-height: 0px; margin: 0; padding: 0; clear: both;\"><\/div>","protected":false},"excerpt":{"rendered":"<p>Ci avviciniamo alla XXIII Edizione del Campionato Mondiale della Pizza che si svolger\u00e0 a Parma tra il 7 e il 9 Aprile. Un evento straordinario che riunisce le eccellenze e le professionalit\u00e0 del mondo della pizza, un piatto diventato capolavoro della cucina italiana amato in tutto il mondo. Sono pi\u00f9 di 600 i concorrenti iscritti [&hellip;]<\/p>\n","protected":false},"author":1,"featured_media":27716,"comment_status":"closed","ping_status":"open","sticky":false,"template":"","format":"standard","meta":{"ngg_post_thumbnail":0,"jnews-multi-image_gallery":[],"jnews_single_post":[],"jnews_primary_category":[],"jnews_override_counter":[],"footnotes":""},"categories":[643],"tags":[],"class_list":["post-27715","post","type-post","status-publish","format-standard","has-post-thumbnail","hentry","category-itinerari-gustosi"],"yoast_head":"<!-- This site is optimized with the Yoast SEO plugin v27.4 - https:\/\/yoast.com\/product\/yoast-seo-wordpress\/ -->\n<title>XXIII Edizione del Campionato Mondiale della Pizza che si svolger\u00e0 a Parma tra il 7 e il 9 Aprile - TI - Turismo Itinerante<\/title>\n<meta name=\"robots\" content=\"index, follow, max-snippet:-1, max-image-preview:large, max-video-preview:-1\" \/>\n<link rel=\"canonical\" href=\"https:\/\/www.turismoitinerante.com\/site\/xxiii-edizione-del-campionato-mondiale-della-pizza-che-si-svolgera-a-parma-tra-il-7-e-il-9-aprile\/\" \/>\n<meta property=\"og:locale\" content=\"it_IT\" \/>\n<meta property=\"og:type\" content=\"article\" \/>\n<meta property=\"og:title\" content=\"XXIII Edizione del Campionato Mondiale della Pizza che si svolger\u00e0 a Parma tra il 7 e il 9 Aprile - TI - Turismo Itinerante\" \/>\n<meta property=\"og:description\" content=\"Ci avviciniamo alla XXIII Edizione del Campionato Mondiale della Pizza che si svolger\u00e0 a Parma tra il 7 e il 9 Aprile. Un evento straordinario che riunisce le eccellenze e le professionalit\u00e0 del mondo della pizza, un piatto diventato capolavoro della cucina italiana amato in tutto il mondo. Sono pi\u00f9 di 600 i concorrenti iscritti [&hellip;]\" \/>\n<meta property=\"og:url\" content=\"https:\/\/www.turismoitinerante.com\/site\/xxiii-edizione-del-campionato-mondiale-della-pizza-che-si-svolgera-a-parma-tra-il-7-e-il-9-aprile\/\" \/>\n<meta property=\"og:site_name\" content=\"TI - Turismo Itinerante\" \/>\n<meta property=\"article:published_time\" content=\"2014-04-07T07:36:06+00:00\" \/>\n<meta property=\"og:image\" content=\"https:\/\/www.turismoitinerante.com\/site\/wp-content\/uploads\/2014\/04\/campionato-pizza-acrobatica-4.jpeg\" \/>\n\t<meta property=\"og:image:width\" content=\"650\" \/>\n\t<meta property=\"og:image:height\" content=\"528\" \/>\n\t<meta property=\"og:image:type\" content=\"image\/jpeg\" \/>\n<meta name=\"author\" content=\"admin\" \/>\n<meta name=\"twitter:card\" content=\"summary_large_image\" \/>\n<meta name=\"twitter:label1\" content=\"Scritto da\" \/>\n\t<meta name=\"twitter:data1\" content=\"admin\" \/>\n\t<meta name=\"twitter:label2\" content=\"Tempo di lettura stimato\" \/>\n\t<meta name=\"twitter:data2\" content=\"2 minuti\" \/>\n<script type=\"application\/ld+json\" class=\"yoast-schema-graph\">{\"@context\":\"https:\\\/\\\/schema.org\",\"@graph\":[{\"@type\":\"Article\",\"@id\":\"https:\\\/\\\/www.turismoitinerante.com\\\/site\\\/xxiii-edizione-del-campionato-mondiale-della-pizza-che-si-svolgera-a-parma-tra-il-7-e-il-9-aprile\\\/#article\",\"isPartOf\":{\"@id\":\"https:\\\/\\\/www.turismoitinerante.com\\\/site\\\/xxiii-edizione-del-campionato-mondiale-della-pizza-che-si-svolgera-a-parma-tra-il-7-e-il-9-aprile\\\/\"},\"author\":{\"name\":\"admin\",\"@id\":\"https:\\\/\\\/www.turismoitinerante.com\\\/site\\\/#\\\/schema\\\/person\\\/1e1238d2d1617438f3682e54bf4d6c05\"},\"headline\":\"XXIII Edizione del Campionato Mondiale della Pizza che si svolger\u00e0 a Parma tra il 7 e il 9 Aprile\",\"datePublished\":\"2014-04-07T07:36:06+00:00\",\"mainEntityOfPage\":{\"@id\":\"https:\\\/\\\/www.turismoitinerante.com\\\/site\\\/xxiii-edizione-del-campionato-mondiale-della-pizza-che-si-svolgera-a-parma-tra-il-7-e-il-9-aprile\\\/\"},\"wordCount\":490,\"image\":{\"@id\":\"https:\\\/\\\/www.turismoitinerante.com\\\/site\\\/xxiii-edizione-del-campionato-mondiale-della-pizza-che-si-svolgera-a-parma-tra-il-7-e-il-9-aprile\\\/#primaryimage\"},\"thumbnailUrl\":\"https:\\\/\\\/www.turismoitinerante.com\\\/site\\\/wp-content\\\/uploads\\\/2014\\\/04\\\/campionato-pizza-acrobatica-4.jpeg\",\"articleSection\":[\"Itinerari Gustosi\"],\"inLanguage\":\"it-IT\"},{\"@type\":\"WebPage\",\"@id\":\"https:\\\/\\\/www.turismoitinerante.com\\\/site\\\/xxiii-edizione-del-campionato-mondiale-della-pizza-che-si-svolgera-a-parma-tra-il-7-e-il-9-aprile\\\/\",\"url\":\"https:\\\/\\\/www.turismoitinerante.com\\\/site\\\/xxiii-edizione-del-campionato-mondiale-della-pizza-che-si-svolgera-a-parma-tra-il-7-e-il-9-aprile\\\/\",\"name\":\"XXIII Edizione del Campionato Mondiale della Pizza che si svolger\u00e0 a Parma tra il 7 e il 9 Aprile - TI - Turismo Itinerante\",\"isPartOf\":{\"@id\":\"https:\\\/\\\/www.turismoitinerante.com\\\/site\\\/#website\"},\"primaryImageOfPage\":{\"@id\":\"https:\\\/\\\/www.turismoitinerante.com\\\/site\\\/xxiii-edizione-del-campionato-mondiale-della-pizza-che-si-svolgera-a-parma-tra-il-7-e-il-9-aprile\\\/#primaryimage\"},\"image\":{\"@id\":\"https:\\\/\\\/www.turismoitinerante.com\\\/site\\\/xxiii-edizione-del-campionato-mondiale-della-pizza-che-si-svolgera-a-parma-tra-il-7-e-il-9-aprile\\\/#primaryimage\"},\"thumbnailUrl\":\"https:\\\/\\\/www.turismoitinerante.com\\\/site\\\/wp-content\\\/uploads\\\/2014\\\/04\\\/campionato-pizza-acrobatica-4.jpeg\",\"datePublished\":\"2014-04-07T07:36:06+00:00\",\"author\":{\"@id\":\"https:\\\/\\\/www.turismoitinerante.com\\\/site\\\/#\\\/schema\\\/person\\\/1e1238d2d1617438f3682e54bf4d6c05\"},\"breadcrumb\":{\"@id\":\"https:\\\/\\\/www.turismoitinerante.com\\\/site\\\/xxiii-edizione-del-campionato-mondiale-della-pizza-che-si-svolgera-a-parma-tra-il-7-e-il-9-aprile\\\/#breadcrumb\"},\"inLanguage\":\"it-IT\",\"potentialAction\":[{\"@type\":\"ReadAction\",\"target\":[\"https:\\\/\\\/www.turismoitinerante.com\\\/site\\\/xxiii-edizione-del-campionato-mondiale-della-pizza-che-si-svolgera-a-parma-tra-il-7-e-il-9-aprile\\\/\"]}]},{\"@type\":\"ImageObject\",\"inLanguage\":\"it-IT\",\"@id\":\"https:\\\/\\\/www.turismoitinerante.com\\\/site\\\/xxiii-edizione-del-campionato-mondiale-della-pizza-che-si-svolgera-a-parma-tra-il-7-e-il-9-aprile\\\/#primaryimage\",\"url\":\"https:\\\/\\\/www.turismoitinerante.com\\\/site\\\/wp-content\\\/uploads\\\/2014\\\/04\\\/campionato-pizza-acrobatica-4.jpeg\",\"contentUrl\":\"https:\\\/\\\/www.turismoitinerante.com\\\/site\\\/wp-content\\\/uploads\\\/2014\\\/04\\\/campionato-pizza-acrobatica-4.jpeg\",\"width\":650,\"height\":528,\"caption\":\"campionato-pizza-acrobatica-4\"},{\"@type\":\"BreadcrumbList\",\"@id\":\"https:\\\/\\\/www.turismoitinerante.com\\\/site\\\/xxiii-edizione-del-campionato-mondiale-della-pizza-che-si-svolgera-a-parma-tra-il-7-e-il-9-aprile\\\/#breadcrumb\",\"itemListElement\":[{\"@type\":\"ListItem\",\"position\":1,\"name\":\"Home\",\"item\":\"https:\\\/\\\/www.turismoitinerante.com\\\/site\\\/\"},{\"@type\":\"ListItem\",\"position\":2,\"name\":\"XXIII Edizione del Campionato Mondiale della Pizza che si svolger\u00e0 a Parma tra il 7 e il 9 Aprile\"}]},{\"@type\":\"WebSite\",\"@id\":\"https:\\\/\\\/www.turismoitinerante.com\\\/site\\\/#website\",\"url\":\"https:\\\/\\\/www.turismoitinerante.com\\\/site\\\/\",\"name\":\"TI - Turismo Itinerante\",\"description\":\"Ritrovarsi su internet per informarsi, per informare. Il portale del turismo itinerante. Una infinit\u00e0 di notizie su camper, itinerari, aree sosta camper, concessionari, campeggi, agriturismo, raduni, sagre, fiere, mostre, associazioni, club, forum, bacheca annunci\",\"potentialAction\":[{\"@type\":\"SearchAction\",\"target\":{\"@type\":\"EntryPoint\",\"urlTemplate\":\"https:\\\/\\\/www.turismoitinerante.com\\\/site\\\/?s={search_term_string}\"},\"query-input\":{\"@type\":\"PropertyValueSpecification\",\"valueRequired\":true,\"valueName\":\"search_term_string\"}}],\"inLanguage\":\"it-IT\"},{\"@type\":\"Person\",\"@id\":\"https:\\\/\\\/www.turismoitinerante.com\\\/site\\\/#\\\/schema\\\/person\\\/1e1238d2d1617438f3682e54bf4d6c05\",\"name\":\"admin\",\"image\":{\"@type\":\"ImageObject\",\"inLanguage\":\"it-IT\",\"@id\":\"https:\\\/\\\/secure.gravatar.com\\\/avatar\\\/9102d8c23b35e2809b07ebc42ce126daa3d6a47cce9878a22d14d9852ade629e?s=96&d=mm&r=g\",\"url\":\"https:\\\/\\\/secure.gravatar.com\\\/avatar\\\/9102d8c23b35e2809b07ebc42ce126daa3d6a47cce9878a22d14d9852ade629e?s=96&d=mm&r=g\",\"contentUrl\":\"https:\\\/\\\/secure.gravatar.com\\\/avatar\\\/9102d8c23b35e2809b07ebc42ce126daa3d6a47cce9878a22d14d9852ade629e?s=96&d=mm&r=g\",\"caption\":\"admin\"},\"url\":\"https:\\\/\\\/www.turismoitinerante.com\\\/site\\\/author\\\/admin\\\/\"}]}<\/script>\n<!-- \/ Yoast SEO plugin. -->","yoast_head_json":{"title":"XXIII Edizione del Campionato Mondiale della Pizza che si svolger\u00e0 a Parma tra il 7 e il 9 Aprile - TI - Turismo Itinerante","robots":{"index":"index","follow":"follow","max-snippet":"max-snippet:-1","max-image-preview":"max-image-preview:large","max-video-preview":"max-video-preview:-1"},"canonical":"https:\/\/www.turismoitinerante.com\/site\/xxiii-edizione-del-campionato-mondiale-della-pizza-che-si-svolgera-a-parma-tra-il-7-e-il-9-aprile\/","og_locale":"it_IT","og_type":"article","og_title":"XXIII Edizione del Campionato Mondiale della Pizza che si svolger\u00e0 a Parma tra il 7 e il 9 Aprile - TI - Turismo Itinerante","og_description":"Ci avviciniamo alla XXIII Edizione del Campionato Mondiale della Pizza che si svolger\u00e0 a Parma tra il 7 e il 9 Aprile. Un evento straordinario che riunisce le eccellenze e le professionalit\u00e0 del mondo della pizza, un piatto diventato capolavoro della cucina italiana amato in tutto il mondo. Sono pi\u00f9 di 600 i concorrenti iscritti [&hellip;]","og_url":"https:\/\/www.turismoitinerante.com\/site\/xxiii-edizione-del-campionato-mondiale-della-pizza-che-si-svolgera-a-parma-tra-il-7-e-il-9-aprile\/","og_site_name":"TI - Turismo Itinerante","article_published_time":"2014-04-07T07:36:06+00:00","og_image":[{"width":650,"height":528,"url":"https:\/\/www.turismoitinerante.com\/site\/wp-content\/uploads\/2014\/04\/campionato-pizza-acrobatica-4.jpeg","type":"image\/jpeg"}],"author":"admin","twitter_card":"summary_large_image","twitter_misc":{"Scritto da":"admin","Tempo di lettura stimato":"2 minuti"},"schema":{"@context":"https:\/\/schema.org","@graph":[{"@type":"Article","@id":"https:\/\/www.turismoitinerante.com\/site\/xxiii-edizione-del-campionato-mondiale-della-pizza-che-si-svolgera-a-parma-tra-il-7-e-il-9-aprile\/#article","isPartOf":{"@id":"https:\/\/www.turismoitinerante.com\/site\/xxiii-edizione-del-campionato-mondiale-della-pizza-che-si-svolgera-a-parma-tra-il-7-e-il-9-aprile\/"},"author":{"name":"admin","@id":"https:\/\/www.turismoitinerante.com\/site\/#\/schema\/person\/1e1238d2d1617438f3682e54bf4d6c05"},"headline":"XXIII Edizione del Campionato Mondiale della Pizza che si svolger\u00e0 a Parma tra il 7 e il 9 Aprile","datePublished":"2014-04-07T07:36:06+00:00","mainEntityOfPage":{"@id":"https:\/\/www.turismoitinerante.com\/site\/xxiii-edizione-del-campionato-mondiale-della-pizza-che-si-svolgera-a-parma-tra-il-7-e-il-9-aprile\/"},"wordCount":490,"image":{"@id":"https:\/\/www.turismoitinerante.com\/site\/xxiii-edizione-del-campionato-mondiale-della-pizza-che-si-svolgera-a-parma-tra-il-7-e-il-9-aprile\/#primaryimage"},"thumbnailUrl":"https:\/\/www.turismoitinerante.com\/site\/wp-content\/uploads\/2014\/04\/campionato-pizza-acrobatica-4.jpeg","articleSection":["Itinerari Gustosi"],"inLanguage":"it-IT"},{"@type":"WebPage","@id":"https:\/\/www.turismoitinerante.com\/site\/xxiii-edizione-del-campionato-mondiale-della-pizza-che-si-svolgera-a-parma-tra-il-7-e-il-9-aprile\/","url":"https:\/\/www.turismoitinerante.com\/site\/xxiii-edizione-del-campionato-mondiale-della-pizza-che-si-svolgera-a-parma-tra-il-7-e-il-9-aprile\/","name":"XXIII Edizione del Campionato Mondiale della Pizza che si svolger\u00e0 a Parma tra il 7 e il 9 Aprile - TI - Turismo Itinerante","isPartOf":{"@id":"https:\/\/www.turismoitinerante.com\/site\/#website"},"primaryImageOfPage":{"@id":"https:\/\/www.turismoitinerante.com\/site\/xxiii-edizione-del-campionato-mondiale-della-pizza-che-si-svolgera-a-parma-tra-il-7-e-il-9-aprile\/#primaryimage"},"image":{"@id":"https:\/\/www.turismoitinerante.com\/site\/xxiii-edizione-del-campionato-mondiale-della-pizza-che-si-svolgera-a-parma-tra-il-7-e-il-9-aprile\/#primaryimage"},"thumbnailUrl":"https:\/\/www.turismoitinerante.com\/site\/wp-content\/uploads\/2014\/04\/campionato-pizza-acrobatica-4.jpeg","datePublished":"2014-04-07T07:36:06+00:00","author":{"@id":"https:\/\/www.turismoitinerante.com\/site\/#\/schema\/person\/1e1238d2d1617438f3682e54bf4d6c05"},"breadcrumb":{"@id":"https:\/\/www.turismoitinerante.com\/site\/xxiii-edizione-del-campionato-mondiale-della-pizza-che-si-svolgera-a-parma-tra-il-7-e-il-9-aprile\/#breadcrumb"},"inLanguage":"it-IT","potentialAction":[{"@type":"ReadAction","target":["https:\/\/www.turismoitinerante.com\/site\/xxiii-edizione-del-campionato-mondiale-della-pizza-che-si-svolgera-a-parma-tra-il-7-e-il-9-aprile\/"]}]},{"@type":"ImageObject","inLanguage":"it-IT","@id":"https:\/\/www.turismoitinerante.com\/site\/xxiii-edizione-del-campionato-mondiale-della-pizza-che-si-svolgera-a-parma-tra-il-7-e-il-9-aprile\/#primaryimage","url":"https:\/\/www.turismoitinerante.com\/site\/wp-content\/uploads\/2014\/04\/campionato-pizza-acrobatica-4.jpeg","contentUrl":"https:\/\/www.turismoitinerante.com\/site\/wp-content\/uploads\/2014\/04\/campionato-pizza-acrobatica-4.jpeg","width":650,"height":528,"caption":"campionato-pizza-acrobatica-4"},{"@type":"BreadcrumbList","@id":"https:\/\/www.turismoitinerante.com\/site\/xxiii-edizione-del-campionato-mondiale-della-pizza-che-si-svolgera-a-parma-tra-il-7-e-il-9-aprile\/#breadcrumb","itemListElement":[{"@type":"ListItem","position":1,"name":"Home","item":"https:\/\/www.turismoitinerante.com\/site\/"},{"@type":"ListItem","position":2,"name":"XXIII Edizione del Campionato Mondiale della Pizza che si svolger\u00e0 a Parma tra il 7 e il 9 Aprile"}]},{"@type":"WebSite","@id":"https:\/\/www.turismoitinerante.com\/site\/#website","url":"https:\/\/www.turismoitinerante.com\/site\/","name":"TI - Turismo Itinerante","description":"Ritrovarsi su internet per informarsi, per informare. Il portale del turismo itinerante. Una infinit\u00e0 di notizie su camper, itinerari, aree sosta camper, concessionari, campeggi, agriturismo, raduni, sagre, fiere, mostre, associazioni, club, forum, bacheca annunci","potentialAction":[{"@type":"SearchAction","target":{"@type":"EntryPoint","urlTemplate":"https:\/\/www.turismoitinerante.com\/site\/?s={search_term_string}"},"query-input":{"@type":"PropertyValueSpecification","valueRequired":true,"valueName":"search_term_string"}}],"inLanguage":"it-IT"},{"@type":"Person","@id":"https:\/\/www.turismoitinerante.com\/site\/#\/schema\/person\/1e1238d2d1617438f3682e54bf4d6c05","name":"admin","image":{"@type":"ImageObject","inLanguage":"it-IT","@id":"https:\/\/secure.gravatar.com\/avatar\/9102d8c23b35e2809b07ebc42ce126daa3d6a47cce9878a22d14d9852ade629e?s=96&d=mm&r=g","url":"https:\/\/secure.gravatar.com\/avatar\/9102d8c23b35e2809b07ebc42ce126daa3d6a47cce9878a22d14d9852ade629e?s=96&d=mm&r=g","contentUrl":"https:\/\/secure.gravatar.com\/avatar\/9102d8c23b35e2809b07ebc42ce126daa3d6a47cce9878a22d14d9852ade629e?s=96&d=mm&r=g","caption":"admin"},"url":"https:\/\/www.turismoitinerante.com\/site\/author\/admin\/"}]}},"_links":{"self":[{"href":"https:\/\/www.turismoitinerante.com\/site\/wp-json\/wp\/v2\/posts\/27715","targetHints":{"allow":["GET"]}}],"collection":[{"href":"https:\/\/www.turismoitinerante.com\/site\/wp-json\/wp\/v2\/posts"}],"about":[{"href":"https:\/\/www.turismoitinerante.com\/site\/wp-json\/wp\/v2\/types\/post"}],"author":[{"embeddable":true,"href":"https:\/\/www.turismoitinerante.com\/site\/wp-json\/wp\/v2\/users\/1"}],"replies":[{"embeddable":true,"href":"https:\/\/www.turismoitinerante.com\/site\/wp-json\/wp\/v2\/comments?post=27715"}],"version-history":[{"count":1,"href":"https:\/\/www.turismoitinerante.com\/site\/wp-json\/wp\/v2\/posts\/27715\/revisions"}],"predecessor-version":[{"id":27717,"href":"https:\/\/www.turismoitinerante.com\/site\/wp-json\/wp\/v2\/posts\/27715\/revisions\/27717"}],"wp:featuredmedia":[{"embeddable":true,"href":"https:\/\/www.turismoitinerante.com\/site\/wp-json\/wp\/v2\/media\/27716"}],"wp:attachment":[{"href":"https:\/\/www.turismoitinerante.com\/site\/wp-json\/wp\/v2\/media?parent=27715"}],"wp:term":[{"taxonomy":"category","embeddable":true,"href":"https:\/\/www.turismoitinerante.com\/site\/wp-json\/wp\/v2\/categories?post=27715"},{"taxonomy":"post_tag","embeddable":true,"href":"https:\/\/www.turismoitinerante.com\/site\/wp-json\/wp\/v2\/tags?post=27715"}],"curies":[{"name":"wp","href":"https:\/\/api.w.org\/{rel}","templated":true}]}}