{"id":25617,"date":"2013-10-22T10:41:46","date_gmt":"2013-10-22T09:41:46","guid":{"rendered":"http:\/\/www.turismoitinerante.com\/site\/?p=25617"},"modified":"2013-10-24T16:37:59","modified_gmt":"2013-10-24T15:37:59","slug":"bussolengo-il-2-novembre-2013-apre-il-piu-grande-mercatino-di-natale-al-coperto-in-italia","status":"publish","type":"post","link":"https:\/\/www.turismoitinerante.com\/site\/bussolengo-il-2-novembre-2013-apre-il-piu-grande-mercatino-di-natale-al-coperto-in-italia\/","title":{"rendered":"> Bussolengo: il 2 novembre 2013 apre il pi\u00f9 grande mercatino di Natale al coperto in Italia"},"content":{"rendered":"<p><strong>Bussolengo (Vr). Il 2 novembre 2013 apre il Villaggio di Natale. Il pi\u00f9 grande mercatino di Natale al coperto in Italia con 7 mila metri quadrati di novit\u00e0, corsi, animazioni e spettacoli.<\/strong><\/p>\n<p>Un mondo da fiaba con il bosco dei dolci, il monte Pandoro, ruscelli di cioccolato e scivoli di crema pasticcera.<br \/>\nNatale glamour con i colori tendenza, stanze a tema, arredi e decorazioni per la casa.<br \/>\nSferruzza il Natale: un corso gratuito per regali e decorazioni fatti a maglia.<\/p>\n<p><a href=\"http:\/\/www.turismoitinerante.com\/site\/wp-content\/uploads\/2013\/10\/bussolengo-natale-villaggio.jpg\"><img decoding=\"async\" class=\"aligncenter size-full wp-image-25619\" title=\"Bussolengo: il 2 novembre 2013 apre il Villaggio di Natale\" src=\"http:\/\/www.turismoitinerante.com\/site\/wp-content\/uploads\/2013\/10\/bussolengo-natale-villaggio.jpg\" alt=\"Bussolengo: il 2 novembre 2013 apre il Villaggio di Natale\" width=\"650\" height=\"433\" srcset=\"https:\/\/www.turismoitinerante.com\/site\/wp-content\/uploads\/2013\/10\/bussolengo-natale-villaggio.jpg 650w, https:\/\/www.turismoitinerante.com\/site\/wp-content\/uploads\/2013\/10\/bussolengo-natale-villaggio-300x199.jpg 300w, https:\/\/www.turismoitinerante.com\/site\/wp-content\/uploads\/2013\/10\/bussolengo-natale-villaggio-400x266.jpg 400w\" sizes=\"(max-width: 650px) 100vw, 650px\" \/><\/a><\/p>\n<p>Piccole case con i tetti di biscotto, neve di glassa, lecca lecca che danzano e piroettano, mentre gli gnomi scivolano felici sulla crema del panettone. Il profumo di zucchero e cannella, la musica e le luci guidano grandi e piccini all\u2019ingresso del\u00a0<strong>Villaggio di Natale Flover<\/strong>, che\u00a0<strong>sabato 2 novembre 2013 apre le sue porte.<\/strong> E quest\u2019anno con un ingrediente segreto, da scoprire passo dopo passo, addentrandosi nel magico mondo del Natale Flover.<\/p>\n<p>Il <strong>mercatino di Natale al coperto pi\u00f9 grande d\u2019Italia<\/strong> si presenta con tante novit\u00e0: le\u00a0stanze tendenza con tutti i\u00a0colori pi\u00f9 trendy della stagione, decorazioni uniche che arrivano da tutto il mondo, spettacoli e intrattenimenti per i bambini che potranno conoscere\u00a0<strong>Babbo Natale in persona<\/strong>, farsi una foto e consegnare la preziosa letterina,\u00a0<strong>corsi per realizzare a mano regali per gli amici<\/strong>, tanti\u00a0<strong>appuntamenti<\/strong> e\u00a0<strong>golosit\u00e0<\/strong> per entrare subito nel cuore delle feste.<\/p>\n<h3>La dolce gioia di stare assieme<\/h3>\n<p>Un Natale sempre pi\u00f9 dolce.\u00a0<strong>Sabato 2 novembre 2013<\/strong> apre l\u2019edizione 2013 del\u00a0<strong>Villaggio di Natale Flover<\/strong>, che quest\u2019anno avr\u00e0 il sapore dello zucchero, del cioccolato, delle cose buone e\u2026.! A salutare gli ospiti all\u2019ingresso del Villaggio ci sar\u00e0\u00a0<strong>Babbo Natale in persona<\/strong>, che accompagner\u00e0 i suoi ospiti grandi e piccoli\u00a0<strong>alla scoperta delle novit\u00e0 dell\u2019anno<\/strong> e di quel piccolo ingrediente segreto che rende unico il Natale di ognuno di noi.<\/p>\n<p>Un grande libro con i curriculum di tutti gli gnomi del Villaggio di Natale anticipa l\u2019entrata nel\u00a0<strong>dolce bosco fatato<\/strong>: passo dopo passo si incontrano\u00a0<strong>lecca lecca che danzano<\/strong> roteando su s\u00e9 stessi,\u00a0<strong>gnomo Cerimonio<\/strong> che sbuca da una montagna di panna montata e\u00a0<strong>gnomo Giocondo<\/strong> che si arrampica sul monte Pandoro, mentre gli altri gnomi scivolano sulla crema del panettone.<\/p>\n<p>Guidati da musiche natalizie, avvolti dal profumo di zucchero e cannella, si arriva al centro del Villaggio, dove, all\u2019interno del monte Pandoro gli gnomi festeggiano l\u2019arrivo del Natale. Tutti riuniti attorno a una tavola imbandita, seduti su morbidi e colorati cup cake, festeggiano la giornata pi\u00f9 bella dell\u2019anno tra dolci leccornie e svelano il vero\u00a0<strong>segreto del Natale: assaporare i momenti pi\u00f9 belli delle feste assieme alle persone pi\u00f9 care.<\/strong> Un momento semplice e intenso che rende unico il Natale di ogni famiglia.<\/p>\n<p>Ispirato al romantico borgo medievale\u00a0<strong>Rothenburg ob der Tauber<\/strong>, in Germania, il Villaggio di Natale Flover \u00e8 i<strong>l pi\u00f9 grande mercatino di Natale al coperto in Italia, con oltre 7 mila metri quadrati<\/strong> dedicati alla festa pi\u00f9 amata e attesa dell\u2019anno. Un luogo magico che lascia incantati tutti i bambini nel vedere gli gnomi all&#8217;opera, luci, colori, e animali in movimento, mentre i pi\u00f9 grandi hanno la sensazione di fare un passo indietro nel tempo e di rivivere la propria spensierata infanzia.<\/p>\n<p>Come in un vero villaggio,\u00a0<strong>ai bordi delle strade, gli artigiani al lavoro<\/strong>: il maestro scultore che d\u00e0 vita ai suoi legni antichi, creando gnomi porta fortuna; il pirografo che realizza quadretti bruciando il legno; l\u2019artigiana dei fiori pressati; la decoratrice del vetro e novit\u00e0 di quest\u2019anno l\u2019artigiana della lana che insegner\u00e0 a lavorare a maglia.<\/p>\n<h3>Il tuo Natale ha il colore giusto?<\/h3>\n<p>Il Natale non ha sempre lo stesso colore. Ma sapere qual \u00e8 quello giusto \u00e8 semplice per chi conosce Flover e le sue\u00a0<strong>stanze tendenza<\/strong>: riproduzioni di abitazioni ognuna addobbata e decorata con i colori trend dell\u2019anno. Impossibile sbagliare. Si sceglie la tonalit\u00e0 pi\u00f9 adatta alla propria casa e si \u00e8 certi che sar\u00e0 perfettamente trendy.<\/p>\n<p><strong>Christmas chic, Gold elegance, Polar Christmas, Pink Harmony, Autumn Trendy<\/strong>: sono questi i\u00a0<strong>must del Natale 2013<\/strong>. Declinati in tutte le versioni. Perch\u00e9 per un Natale perfetto serve l\u2019albero, ma non solo. Decorazioni per la tavola, accessori, piatti, bicchieri, carta e nastri: dopo aver scelto il colore si pu\u00f2\u00a0<strong>abbinare tutto sulla stessa tonalit\u00e0 per un effetto glamour assicurato<\/strong>.<\/p>\n<p>Per chi vuole poi un tocco diverso, qualcosa di classe per la propria casa o per un regalo speciale, c\u2019\u00e8 la\u00a0<strong>Fioreria del Villaggio Flover<\/strong>, che propone composizioni particolari e d\u2019effetto.<br \/>\nE per chi ama stupire gli amici ritorna\u00a0<strong>\u201cil centro messaggi\u201d<\/strong>: un\u2019abile pittrice pronta a decorare palline di Natale con messaggi d\u2019auguri o d\u2019amore personalizzati.<\/p>\n<h3>Offerta Rottamazione!<\/h3>\n<p>A volte si ha voglia di cambiare, ma non si sa mai cosa fare del vecchio albero di Natale. Quest\u2019anno Flover promuove un\u2019iniziativa speciale per chi ha voglia di regalarsi un nuovo albero di Natale pronto per essere decorato e dare colore alle feste.\u00a0<strong>Fino al 24 novembre 2013<\/strong>, chi porta il\u00a0<strong>vecchio albero di Natale artificiale<\/strong> al Flover Garden Center, avr\u00e0 diritto a\u00a0<strong>uno sconto del 20% sull\u2019acquisto di uno nuovo dell\u2019altezza minima di 1 metro.<\/strong>Un\u2019offerta imperdibile, valida solo per gli alberi artificiali, che consente di acquistare a un prezzo conveniente il nuovo albero, ma anche di essere certi che verr\u00e0 smaltito in modo appropriato.<\/p>\n<h3>Spazio alla creativit\u00e0, il Natale diventa Fai da te!<\/h3>\n<p>Basta con i soliti regali! Per chi vuole lasciare il segno ed essere sicuro di regalare qualcosa di unico il\u00a0<strong>Villaggio della creativit\u00e0 Flover <\/strong>propone tanti<strong>corsi per adulti e per bambini. <\/strong><\/p>\n<p>Tra le novit\u00e0 2013 i\u00a0<strong>gioielli realizzati in fimo<\/strong>, il\u00a0<strong>laboratorio di doratura<\/strong>, la cornice con\u00a0<strong>glitter mousse<\/strong>, le palline di Natale con contour e color ink, le<strong>ghirlande per la porta di casa<\/strong>, le borse in feltro e i sottopiatti per la tavola di Natale.<br \/>\nPer gli adulti ci sono poi le\u00a0<strong>ultime novit\u00e0 del Cake design<\/strong>: timbri, stampi, spatole e utensili di ogni tipo per creare delle opere d&#8217;arte che delizino occhi e palato. Torte speciali per il pranzo di Natale e la vigilia, cupcake, brownies, biscottini, tutti rigorosamente decorati in stile d&#8217;oltreoceano e perfetti per abbellire in modo artistico la propria casa.<\/p>\n<p>Il\u00a0<strong>mercoled\u00ec<\/strong> appuntamento speciale per tutti i\u00a0<strong>bambini<\/strong>.\u00a0<strong>Dalle 16.30 alle 18.30<\/strong>, Frau Hilde, con grembiule, matterello, zucchero e farina li aspetta per imparare a preparare e\u00a0<strong>cucinare i biscotti dell\u2019Avvento<\/strong>. Una dolce sorpresa che poi decoreranno con la granella colorata e che potranno regalare ai loro genitori.<br \/>\nTutte le novit\u00e0 e info per iscrizioni corsi si trovano nel sito\u00a0<a rel=\"nofollow\" href=\"http:\/\/www.flover.it\/\" target=\"_blank\">www.flover.it<\/a><\/p>\n<h3>Novit\u00e0 2013: un Natale di calde idee<\/h3>\n<p>Decorare l\u2019albero con\u00a0<strong>caldi addobbi<\/strong>, ma anche preziose sciarpe per le amiche o maglioncini per i bambini. Natale si avvicina e Flover ha avuto una calda idea! Prendi la tua attrezzatura o se preferisci acquistala nello stand Flover e vieni a s<strong>ferruzzare al Villaggio di Natale<\/strong>. E&#8217; bello far scivolare sui ferri un filo di lana colorato e trasformarlo nel modello pi\u00f9 attuale.<\/p>\n<p>Il lavoro a maglia \u00e8 facile e appassionante: l\u2019abilit\u00e0 si acquisisce con l\u2019esperienza, ma anche per le principianti \u00e8 semplice tricottare il primo pull con l\u2019aiuto di qualche suggerimento. L\u2019artigiana della lana insegner\u00e0 a\u00a0<strong>lavorare ai ferri <\/strong>e dar\u00e0 i consigli giusti per realizzare velocemente piccoli, ma preziosi regali per le amiche o particolari e insolite decorazioni per l\u2019albero di Natale. Il<strong>corso, gratuito,<\/strong> si terr\u00e0 ogni luned\u00ec pomeriggio, dalle 15.00 alle 18.00, dal 4 novembre al 30 dicembre 2013.<\/p>\n<p>Se invece vuoi fare un regalo originale puoi scegliere il\u00a0<strong>kit CapHut di Mondial<\/strong>, che permette di realizzare in modo semplice e veloce un cappellino in lana dalle linee giovani e dai colori trendy.\u00a0<strong>Nel kit si trova tutto l<\/strong>\u2019occorrente, dalla lana all\u2019uncinetto, dal libretto con istruzioni dettagliate all\u2019etichetta da applicare sul capo finito. Se invece si preferisce l\u2019home decor Mondial propone palline di Natale di tutti i tipi, dal classico rosso alle variazioni jacquard, a maglia o all\u2019uncinetto, oppure bijoux unici e personalizzati.<\/p>\n<h3>Il presepe palestinese<\/h3>\n<p>Lontano dallo scintillio dell\u2019albero di Natale, la tradizione del presepe si riscopre al Villaggio di Natale Flover di Bussolengo (Vr), con il presepe palestinese.\u00a0<strong>La suggestiva riproduzione della nativit\u00e0 nella tradizione palestinese<\/strong>, viene rappresentata in quattro fasi della giornata, alba, giorno, tramonto, notte, con statue esclusivamente realizzate in legno e tessuti preziosi, prodotte in Val Gardena e decorate a mano dal famoso scultore Demtz Heinrich. Attorno al grande presepe\u00a0<strong>8 diorami in stile palestinese<\/strong>, realizzati a mano dall\u2019associazione Amici del presepe di Verona, rappresentano le fasi della prima parte della vita di Ges\u00f9: L&#8217;annunciazione, La ricerca dell&#8217;alloggio, La visita dei pastori, Nativit\u00e0, L&#8217;arrivo dei Magi, Il riposo sulla via per l&#8217;Egitto, Primi passi di Ges\u00f9, La bottega di S. Giuseppe.<\/p>\n<h3>Il Gran Gal\u00e0 degli Elfi e un calendario ricco di animazioni<\/h3>\n<p>Spettacoli, canzoni, musica.\u00a0<strong>Dal 2 novembre 2013 al 6 gennaio 2014 il Natale va in scena al Flover<\/strong>. Babbo Natale e i suoi Elfi accoglieranno piccoli e grandi ospiti del Villaggio. Un calendario ricco di eventi e appuntamenti fatti di teatro, musica e giochi. Il marted\u00ec, gioved\u00ec e venerd\u00ec pomeriggio andr\u00e0<strong>in scena<\/strong> <strong>la favola de Il Dolce Natale degli gnomi<\/strong>, una\u00a0<strong>fiaba musicale<\/strong> che vede protagonisti gli gnomi del villaggio indaffarati per la preparazione di squisiti dolci per il Natale.<br \/>\nSeguir\u00e0 la\u00a0<strong>visita alla Casa di Babbo Natale e il Volo delle letterine<\/strong>: i bambini potranno preparare le loro letterine per Babbo Natale, che verranno poi legate a dei\u00a0<strong>palloncini colorati <\/strong>e lanciate in cielo. La giornata si concluder\u00e0 con tanti giochi e balli assieme agli elfi di Babbo Natale.<\/p>\n<p>Il sabato \u00e8 la giornata magica, quella del\u00a0<strong>Gran Gal\u00e0 degli Elfi<\/strong>. I piccoli personaggi che animano il Villaggio di Natale organizzano una\u00a0<strong>grande festa in musica per salutare il Grande Elfo, il braccio destro di Babbo Natale<\/strong>, colui che lo accompagna nella magica notte dei doni. Un vero e proprio spettacolo sul Natale, dove i protagonisti cantando e ballando preparano una torta speciale e fatata per il Grande Elfo.<br \/>\n<strong>Babbo Natale in persona<\/strong>concluder\u00e0 lo spettacolo incontrando i bambini e sar\u00e0 il protagonista anche della giornata di domenica, quando legger\u00e0 tutte le letterine. La domenica pomeriggio, visto il successo dello scorso anno, verr\u00e0 riproposto, ma in una nuova versione il\u00a0<strong>Christmas Show<\/strong>, una favola ideata e ispirata alla nuova edizione del Villaggio di Natale.<\/p>\n<h3>Una pausa tra i sapori del Natale<\/h3>\n<p>Tante dolcezze natalizie, tutte da scoprire. Alla\u00a0<strong>Tavola calda del Villaggio<\/strong>, aperta tutti i giorni, \u00e8 possibile gustare\u00a0<strong>menu che propongono specialit\u00e0 della tradizione natalizia<\/strong> per deliziare grandi, ma anche i pi\u00f9 piccini.\u00a0<strong>Piatti tipici<\/strong> come i risotti della tradizione veronese e i tortellini di Valeggio al burro e salvia o per chi preferisce uno snack pi\u00f9 veloce lo spuntino del Villaggio con cornetto salato e prosciutto di Praga. Alla tavola calda si possono acquistare anche dolci, composte e confetture speciali.<\/p>\n<p><strong><span style=\"text-decoration: underline;\">Informazioni tecniche<\/span><\/strong><\/p>\n<p><strong>Il Villaggio di Natale Flover si trova a\u00a0Bussolengo (VR)<\/strong>, in via Pastrengo 16.<br \/>\n<strong>Apertura: <\/strong>il Villaggio \u00e8 aperto\u00a0<strong>dal\u00a0 2 novembre 2013 al 12 gennaio 2014.<\/strong> Unici giorni di chiusura il 25 dicembre 2013 e il 1 gennaio 2014.<strong> Orari: dalle 9 alle 19.30, con orario continuato. <\/strong><br \/>\n<strong>Biglietto d\u2019ingresso<\/strong>: 1 euro solo nei giorni di sabato e domenica dal 3 novembre al 15 dicembre 2013.<br \/>\nTutte le novit\u00e0 Flover si trovano sul sito\u00a0<a rel=\"nofollow\" href=\"http:\/\/www.flover.it\/\" target=\"_blank\"><strong>www.flover.it<\/strong><\/a> e\u00a0<a rel=\"nofollow\" href=\"http:\/\/www.flover.it\/natale\/index.html?data=20130805\" target=\"_blank\"><strong>www.ilvillagiodinatale.it<\/strong><\/a> Per essere sempre aggiornati basta cliccare Mi piace sulla fan page di Facebook e seguirlo su Twitter, flover_tw.<\/p>\n<div class=\"7863122cad8776726ec303240ed69aa5\" data-index=\"4\" style=\"float: none; margin:10px 0 10px 0; text-align:center;\">\n<script async src=\"\/\/pagead2.googlesyndication.com\/pagead\/js\/adsbygoogle.js\"><\/script>\r\n<!-- 728x90, creato 23\/02\/11 -->\r\n<ins class=\"adsbygoogle\"\r\n     style=\"display:inline-block;width:728px;height:90px\"\r\n     data-ad-client=\"ca-pub-5798583071070083\"\r\n     data-ad-slot=\"5935394872\"><\/ins>\r\n<script>\r\n(adsbygoogle = window.adsbygoogle || []).push({});\r\n<\/script>\n<\/div>\n\n<div style=\"font-size: 0px; height: 0px; line-height: 0px; margin: 0; padding: 0; clear: both;\"><\/div>","protected":false},"excerpt":{"rendered":"<p>Bussolengo (Vr). Il 2 novembre 2013 apre il Villaggio di Natale. Il pi\u00f9 grande mercatino di Natale al coperto in Italia con 7 mila metri quadrati di novit\u00e0, corsi, animazioni e spettacoli. Un mondo da fiaba con il bosco dei dolci, il monte Pandoro, ruscelli di cioccolato e scivoli di crema pasticcera. Natale glamour con [&hellip;]<\/p>\n","protected":false},"author":1,"featured_media":25619,"comment_status":"closed","ping_status":"open","sticky":false,"template":"","format":"standard","meta":{"ngg_post_thumbnail":0,"jnews-multi-image_gallery":[],"jnews_single_post":[],"jnews_primary_category":[],"jnews_override_counter":[],"footnotes":""},"categories":[621],"tags":[124,128],"class_list":["post-25617","post","type-post","status-publish","format-standard","has-post-thumbnail","hentry","category-info-turismo","tag-mercatini","tag-natale"],"yoast_head":"<!-- This site is optimized with the Yoast SEO plugin v27.4 - https:\/\/yoast.com\/product\/yoast-seo-wordpress\/ -->\n<title>&gt; Bussolengo: il 2 novembre 2013 apre il pi\u00f9 grande mercatino di Natale al coperto in Italia - TI - Turismo Itinerante<\/title>\n<meta name=\"robots\" content=\"index, follow, max-snippet:-1, max-image-preview:large, max-video-preview:-1\" \/>\n<link rel=\"canonical\" href=\"https:\/\/www.turismoitinerante.com\/site\/bussolengo-il-2-novembre-2013-apre-il-piu-grande-mercatino-di-natale-al-coperto-in-italia\/\" \/>\n<meta property=\"og:locale\" content=\"it_IT\" \/>\n<meta property=\"og:type\" content=\"article\" \/>\n<meta property=\"og:title\" content=\"&gt; Bussolengo: il 2 novembre 2013 apre il pi\u00f9 grande mercatino di Natale al coperto in Italia - TI - Turismo Itinerante\" \/>\n<meta property=\"og:description\" content=\"Bussolengo (Vr). Il 2 novembre 2013 apre il Villaggio di Natale. Il pi\u00f9 grande mercatino di Natale al coperto in Italia con 7 mila metri quadrati di novit\u00e0, corsi, animazioni e spettacoli. Un mondo da fiaba con il bosco dei dolci, il monte Pandoro, ruscelli di cioccolato e scivoli di crema pasticcera. Natale glamour con [&hellip;]\" \/>\n<meta property=\"og:url\" content=\"https:\/\/www.turismoitinerante.com\/site\/bussolengo-il-2-novembre-2013-apre-il-piu-grande-mercatino-di-natale-al-coperto-in-italia\/\" \/>\n<meta property=\"og:site_name\" content=\"TI - Turismo Itinerante\" \/>\n<meta property=\"article:published_time\" content=\"2013-10-22T09:41:46+00:00\" \/>\n<meta property=\"article:modified_time\" content=\"2013-10-24T15:37:59+00:00\" \/>\n<meta property=\"og:image\" content=\"https:\/\/www.turismoitinerante.com\/site\/wp-content\/uploads\/2013\/10\/bussolengo-natale-villaggio.jpg\" \/>\n\t<meta property=\"og:image:width\" content=\"650\" \/>\n\t<meta property=\"og:image:height\" content=\"433\" \/>\n\t<meta property=\"og:image:type\" content=\"image\/jpeg\" \/>\n<meta name=\"author\" content=\"admin\" \/>\n<meta name=\"twitter:card\" content=\"summary_large_image\" \/>\n<meta name=\"twitter:label1\" content=\"Scritto da\" \/>\n\t<meta name=\"twitter:data1\" content=\"admin\" \/>\n\t<meta name=\"twitter:label2\" content=\"Tempo di lettura stimato\" \/>\n\t<meta name=\"twitter:data2\" content=\"9 minuti\" \/>\n<script type=\"application\/ld+json\" class=\"yoast-schema-graph\">{\"@context\":\"https:\\\/\\\/schema.org\",\"@graph\":[{\"@type\":\"Article\",\"@id\":\"https:\\\/\\\/www.turismoitinerante.com\\\/site\\\/bussolengo-il-2-novembre-2013-apre-il-piu-grande-mercatino-di-natale-al-coperto-in-italia\\\/#article\",\"isPartOf\":{\"@id\":\"https:\\\/\\\/www.turismoitinerante.com\\\/site\\\/bussolengo-il-2-novembre-2013-apre-il-piu-grande-mercatino-di-natale-al-coperto-in-italia\\\/\"},\"author\":{\"name\":\"admin\",\"@id\":\"https:\\\/\\\/www.turismoitinerante.com\\\/site\\\/#\\\/schema\\\/person\\\/1e1238d2d1617438f3682e54bf4d6c05\"},\"headline\":\"> Bussolengo: il 2 novembre 2013 apre il pi\u00f9 grande mercatino di Natale al coperto in Italia\",\"datePublished\":\"2013-10-22T09:41:46+00:00\",\"dateModified\":\"2013-10-24T15:37:59+00:00\",\"mainEntityOfPage\":{\"@id\":\"https:\\\/\\\/www.turismoitinerante.com\\\/site\\\/bussolengo-il-2-novembre-2013-apre-il-piu-grande-mercatino-di-natale-al-coperto-in-italia\\\/\"},\"wordCount\":1895,\"image\":{\"@id\":\"https:\\\/\\\/www.turismoitinerante.com\\\/site\\\/bussolengo-il-2-novembre-2013-apre-il-piu-grande-mercatino-di-natale-al-coperto-in-italia\\\/#primaryimage\"},\"thumbnailUrl\":\"https:\\\/\\\/www.turismoitinerante.com\\\/site\\\/wp-content\\\/uploads\\\/2013\\\/10\\\/bussolengo-natale-villaggio.jpg\",\"keywords\":[\"Mercatini\",\"Natale\"],\"articleSection\":[\"Turismo\"],\"inLanguage\":\"it-IT\"},{\"@type\":\"WebPage\",\"@id\":\"https:\\\/\\\/www.turismoitinerante.com\\\/site\\\/bussolengo-il-2-novembre-2013-apre-il-piu-grande-mercatino-di-natale-al-coperto-in-italia\\\/\",\"url\":\"https:\\\/\\\/www.turismoitinerante.com\\\/site\\\/bussolengo-il-2-novembre-2013-apre-il-piu-grande-mercatino-di-natale-al-coperto-in-italia\\\/\",\"name\":\"> Bussolengo: il 2 novembre 2013 apre il pi\u00f9 grande mercatino di Natale al coperto in Italia - TI - Turismo Itinerante\",\"isPartOf\":{\"@id\":\"https:\\\/\\\/www.turismoitinerante.com\\\/site\\\/#website\"},\"primaryImageOfPage\":{\"@id\":\"https:\\\/\\\/www.turismoitinerante.com\\\/site\\\/bussolengo-il-2-novembre-2013-apre-il-piu-grande-mercatino-di-natale-al-coperto-in-italia\\\/#primaryimage\"},\"image\":{\"@id\":\"https:\\\/\\\/www.turismoitinerante.com\\\/site\\\/bussolengo-il-2-novembre-2013-apre-il-piu-grande-mercatino-di-natale-al-coperto-in-italia\\\/#primaryimage\"},\"thumbnailUrl\":\"https:\\\/\\\/www.turismoitinerante.com\\\/site\\\/wp-content\\\/uploads\\\/2013\\\/10\\\/bussolengo-natale-villaggio.jpg\",\"datePublished\":\"2013-10-22T09:41:46+00:00\",\"dateModified\":\"2013-10-24T15:37:59+00:00\",\"author\":{\"@id\":\"https:\\\/\\\/www.turismoitinerante.com\\\/site\\\/#\\\/schema\\\/person\\\/1e1238d2d1617438f3682e54bf4d6c05\"},\"breadcrumb\":{\"@id\":\"https:\\\/\\\/www.turismoitinerante.com\\\/site\\\/bussolengo-il-2-novembre-2013-apre-il-piu-grande-mercatino-di-natale-al-coperto-in-italia\\\/#breadcrumb\"},\"inLanguage\":\"it-IT\",\"potentialAction\":[{\"@type\":\"ReadAction\",\"target\":[\"https:\\\/\\\/www.turismoitinerante.com\\\/site\\\/bussolengo-il-2-novembre-2013-apre-il-piu-grande-mercatino-di-natale-al-coperto-in-italia\\\/\"]}]},{\"@type\":\"ImageObject\",\"inLanguage\":\"it-IT\",\"@id\":\"https:\\\/\\\/www.turismoitinerante.com\\\/site\\\/bussolengo-il-2-novembre-2013-apre-il-piu-grande-mercatino-di-natale-al-coperto-in-italia\\\/#primaryimage\",\"url\":\"https:\\\/\\\/www.turismoitinerante.com\\\/site\\\/wp-content\\\/uploads\\\/2013\\\/10\\\/bussolengo-natale-villaggio.jpg\",\"contentUrl\":\"https:\\\/\\\/www.turismoitinerante.com\\\/site\\\/wp-content\\\/uploads\\\/2013\\\/10\\\/bussolengo-natale-villaggio.jpg\",\"width\":\"650\",\"height\":\"433\",\"caption\":\"Bussolengo: il 2 novembre 2013 apre il Villaggio di Natale\"},{\"@type\":\"BreadcrumbList\",\"@id\":\"https:\\\/\\\/www.turismoitinerante.com\\\/site\\\/bussolengo-il-2-novembre-2013-apre-il-piu-grande-mercatino-di-natale-al-coperto-in-italia\\\/#breadcrumb\",\"itemListElement\":[{\"@type\":\"ListItem\",\"position\":1,\"name\":\"Home\",\"item\":\"https:\\\/\\\/www.turismoitinerante.com\\\/site\\\/\"},{\"@type\":\"ListItem\",\"position\":2,\"name\":\"> Bussolengo: il 2 novembre 2013 apre il pi\u00f9 grande mercatino di Natale al coperto in Italia\"}]},{\"@type\":\"WebSite\",\"@id\":\"https:\\\/\\\/www.turismoitinerante.com\\\/site\\\/#website\",\"url\":\"https:\\\/\\\/www.turismoitinerante.com\\\/site\\\/\",\"name\":\"TI - Turismo Itinerante\",\"description\":\"Ritrovarsi su internet per informarsi, per informare. Il portale del turismo itinerante. Una infinit\u00e0 di notizie su camper, itinerari, aree sosta camper, concessionari, campeggi, agriturismo, raduni, sagre, fiere, mostre, associazioni, club, forum, bacheca annunci\",\"potentialAction\":[{\"@type\":\"SearchAction\",\"target\":{\"@type\":\"EntryPoint\",\"urlTemplate\":\"https:\\\/\\\/www.turismoitinerante.com\\\/site\\\/?s={search_term_string}\"},\"query-input\":{\"@type\":\"PropertyValueSpecification\",\"valueRequired\":true,\"valueName\":\"search_term_string\"}}],\"inLanguage\":\"it-IT\"},{\"@type\":\"Person\",\"@id\":\"https:\\\/\\\/www.turismoitinerante.com\\\/site\\\/#\\\/schema\\\/person\\\/1e1238d2d1617438f3682e54bf4d6c05\",\"name\":\"admin\",\"image\":{\"@type\":\"ImageObject\",\"inLanguage\":\"it-IT\",\"@id\":\"https:\\\/\\\/secure.gravatar.com\\\/avatar\\\/9102d8c23b35e2809b07ebc42ce126daa3d6a47cce9878a22d14d9852ade629e?s=96&d=mm&r=g\",\"url\":\"https:\\\/\\\/secure.gravatar.com\\\/avatar\\\/9102d8c23b35e2809b07ebc42ce126daa3d6a47cce9878a22d14d9852ade629e?s=96&d=mm&r=g\",\"contentUrl\":\"https:\\\/\\\/secure.gravatar.com\\\/avatar\\\/9102d8c23b35e2809b07ebc42ce126daa3d6a47cce9878a22d14d9852ade629e?s=96&d=mm&r=g\",\"caption\":\"admin\"},\"url\":\"https:\\\/\\\/www.turismoitinerante.com\\\/site\\\/author\\\/admin\\\/\"}]}<\/script>\n<!-- \/ Yoast SEO plugin. -->","yoast_head_json":{"title":"> Bussolengo: il 2 novembre 2013 apre il pi\u00f9 grande mercatino di Natale al coperto in Italia - TI - Turismo Itinerante","robots":{"index":"index","follow":"follow","max-snippet":"max-snippet:-1","max-image-preview":"max-image-preview:large","max-video-preview":"max-video-preview:-1"},"canonical":"https:\/\/www.turismoitinerante.com\/site\/bussolengo-il-2-novembre-2013-apre-il-piu-grande-mercatino-di-natale-al-coperto-in-italia\/","og_locale":"it_IT","og_type":"article","og_title":"> Bussolengo: il 2 novembre 2013 apre il pi\u00f9 grande mercatino di Natale al coperto in Italia - TI - Turismo Itinerante","og_description":"Bussolengo (Vr). Il 2 novembre 2013 apre il Villaggio di Natale. Il pi\u00f9 grande mercatino di Natale al coperto in Italia con 7 mila metri quadrati di novit\u00e0, corsi, animazioni e spettacoli. Un mondo da fiaba con il bosco dei dolci, il monte Pandoro, ruscelli di cioccolato e scivoli di crema pasticcera. Natale glamour con [&hellip;]","og_url":"https:\/\/www.turismoitinerante.com\/site\/bussolengo-il-2-novembre-2013-apre-il-piu-grande-mercatino-di-natale-al-coperto-in-italia\/","og_site_name":"TI - Turismo Itinerante","article_published_time":"2013-10-22T09:41:46+00:00","article_modified_time":"2013-10-24T15:37:59+00:00","og_image":[{"width":650,"height":433,"url":"https:\/\/www.turismoitinerante.com\/site\/wp-content\/uploads\/2013\/10\/bussolengo-natale-villaggio.jpg","type":"image\/jpeg"}],"author":"admin","twitter_card":"summary_large_image","twitter_misc":{"Scritto da":"admin","Tempo di lettura stimato":"9 minuti"},"schema":{"@context":"https:\/\/schema.org","@graph":[{"@type":"Article","@id":"https:\/\/www.turismoitinerante.com\/site\/bussolengo-il-2-novembre-2013-apre-il-piu-grande-mercatino-di-natale-al-coperto-in-italia\/#article","isPartOf":{"@id":"https:\/\/www.turismoitinerante.com\/site\/bussolengo-il-2-novembre-2013-apre-il-piu-grande-mercatino-di-natale-al-coperto-in-italia\/"},"author":{"name":"admin","@id":"https:\/\/www.turismoitinerante.com\/site\/#\/schema\/person\/1e1238d2d1617438f3682e54bf4d6c05"},"headline":"> Bussolengo: il 2 novembre 2013 apre il pi\u00f9 grande mercatino di Natale al coperto in Italia","datePublished":"2013-10-22T09:41:46+00:00","dateModified":"2013-10-24T15:37:59+00:00","mainEntityOfPage":{"@id":"https:\/\/www.turismoitinerante.com\/site\/bussolengo-il-2-novembre-2013-apre-il-piu-grande-mercatino-di-natale-al-coperto-in-italia\/"},"wordCount":1895,"image":{"@id":"https:\/\/www.turismoitinerante.com\/site\/bussolengo-il-2-novembre-2013-apre-il-piu-grande-mercatino-di-natale-al-coperto-in-italia\/#primaryimage"},"thumbnailUrl":"https:\/\/www.turismoitinerante.com\/site\/wp-content\/uploads\/2013\/10\/bussolengo-natale-villaggio.jpg","keywords":["Mercatini","Natale"],"articleSection":["Turismo"],"inLanguage":"it-IT"},{"@type":"WebPage","@id":"https:\/\/www.turismoitinerante.com\/site\/bussolengo-il-2-novembre-2013-apre-il-piu-grande-mercatino-di-natale-al-coperto-in-italia\/","url":"https:\/\/www.turismoitinerante.com\/site\/bussolengo-il-2-novembre-2013-apre-il-piu-grande-mercatino-di-natale-al-coperto-in-italia\/","name":"> Bussolengo: il 2 novembre 2013 apre il pi\u00f9 grande mercatino di Natale al coperto in Italia - TI - Turismo Itinerante","isPartOf":{"@id":"https:\/\/www.turismoitinerante.com\/site\/#website"},"primaryImageOfPage":{"@id":"https:\/\/www.turismoitinerante.com\/site\/bussolengo-il-2-novembre-2013-apre-il-piu-grande-mercatino-di-natale-al-coperto-in-italia\/#primaryimage"},"image":{"@id":"https:\/\/www.turismoitinerante.com\/site\/bussolengo-il-2-novembre-2013-apre-il-piu-grande-mercatino-di-natale-al-coperto-in-italia\/#primaryimage"},"thumbnailUrl":"https:\/\/www.turismoitinerante.com\/site\/wp-content\/uploads\/2013\/10\/bussolengo-natale-villaggio.jpg","datePublished":"2013-10-22T09:41:46+00:00","dateModified":"2013-10-24T15:37:59+00:00","author":{"@id":"https:\/\/www.turismoitinerante.com\/site\/#\/schema\/person\/1e1238d2d1617438f3682e54bf4d6c05"},"breadcrumb":{"@id":"https:\/\/www.turismoitinerante.com\/site\/bussolengo-il-2-novembre-2013-apre-il-piu-grande-mercatino-di-natale-al-coperto-in-italia\/#breadcrumb"},"inLanguage":"it-IT","potentialAction":[{"@type":"ReadAction","target":["https:\/\/www.turismoitinerante.com\/site\/bussolengo-il-2-novembre-2013-apre-il-piu-grande-mercatino-di-natale-al-coperto-in-italia\/"]}]},{"@type":"ImageObject","inLanguage":"it-IT","@id":"https:\/\/www.turismoitinerante.com\/site\/bussolengo-il-2-novembre-2013-apre-il-piu-grande-mercatino-di-natale-al-coperto-in-italia\/#primaryimage","url":"https:\/\/www.turismoitinerante.com\/site\/wp-content\/uploads\/2013\/10\/bussolengo-natale-villaggio.jpg","contentUrl":"https:\/\/www.turismoitinerante.com\/site\/wp-content\/uploads\/2013\/10\/bussolengo-natale-villaggio.jpg","width":"650","height":"433","caption":"Bussolengo: il 2 novembre 2013 apre il Villaggio di Natale"},{"@type":"BreadcrumbList","@id":"https:\/\/www.turismoitinerante.com\/site\/bussolengo-il-2-novembre-2013-apre-il-piu-grande-mercatino-di-natale-al-coperto-in-italia\/#breadcrumb","itemListElement":[{"@type":"ListItem","position":1,"name":"Home","item":"https:\/\/www.turismoitinerante.com\/site\/"},{"@type":"ListItem","position":2,"name":"> Bussolengo: il 2 novembre 2013 apre il pi\u00f9 grande mercatino di Natale al coperto in Italia"}]},{"@type":"WebSite","@id":"https:\/\/www.turismoitinerante.com\/site\/#website","url":"https:\/\/www.turismoitinerante.com\/site\/","name":"TI - Turismo Itinerante","description":"Ritrovarsi su internet per informarsi, per informare. Il portale del turismo itinerante. Una infinit\u00e0 di notizie su camper, itinerari, aree sosta camper, concessionari, campeggi, agriturismo, raduni, sagre, fiere, mostre, associazioni, club, forum, bacheca annunci","potentialAction":[{"@type":"SearchAction","target":{"@type":"EntryPoint","urlTemplate":"https:\/\/www.turismoitinerante.com\/site\/?s={search_term_string}"},"query-input":{"@type":"PropertyValueSpecification","valueRequired":true,"valueName":"search_term_string"}}],"inLanguage":"it-IT"},{"@type":"Person","@id":"https:\/\/www.turismoitinerante.com\/site\/#\/schema\/person\/1e1238d2d1617438f3682e54bf4d6c05","name":"admin","image":{"@type":"ImageObject","inLanguage":"it-IT","@id":"https:\/\/secure.gravatar.com\/avatar\/9102d8c23b35e2809b07ebc42ce126daa3d6a47cce9878a22d14d9852ade629e?s=96&d=mm&r=g","url":"https:\/\/secure.gravatar.com\/avatar\/9102d8c23b35e2809b07ebc42ce126daa3d6a47cce9878a22d14d9852ade629e?s=96&d=mm&r=g","contentUrl":"https:\/\/secure.gravatar.com\/avatar\/9102d8c23b35e2809b07ebc42ce126daa3d6a47cce9878a22d14d9852ade629e?s=96&d=mm&r=g","caption":"admin"},"url":"https:\/\/www.turismoitinerante.com\/site\/author\/admin\/"}]}},"_links":{"self":[{"href":"https:\/\/www.turismoitinerante.com\/site\/wp-json\/wp\/v2\/posts\/25617","targetHints":{"allow":["GET"]}}],"collection":[{"href":"https:\/\/www.turismoitinerante.com\/site\/wp-json\/wp\/v2\/posts"}],"about":[{"href":"https:\/\/www.turismoitinerante.com\/site\/wp-json\/wp\/v2\/types\/post"}],"author":[{"embeddable":true,"href":"https:\/\/www.turismoitinerante.com\/site\/wp-json\/wp\/v2\/users\/1"}],"replies":[{"embeddable":true,"href":"https:\/\/www.turismoitinerante.com\/site\/wp-json\/wp\/v2\/comments?post=25617"}],"version-history":[{"count":5,"href":"https:\/\/www.turismoitinerante.com\/site\/wp-json\/wp\/v2\/posts\/25617\/revisions"}],"predecessor-version":[{"id":25622,"href":"https:\/\/www.turismoitinerante.com\/site\/wp-json\/wp\/v2\/posts\/25617\/revisions\/25622"}],"wp:featuredmedia":[{"embeddable":true,"href":"https:\/\/www.turismoitinerante.com\/site\/wp-json\/wp\/v2\/media\/25619"}],"wp:attachment":[{"href":"https:\/\/www.turismoitinerante.com\/site\/wp-json\/wp\/v2\/media?parent=25617"}],"wp:term":[{"taxonomy":"category","embeddable":true,"href":"https:\/\/www.turismoitinerante.com\/site\/wp-json\/wp\/v2\/categories?post=25617"},{"taxonomy":"post_tag","embeddable":true,"href":"https:\/\/www.turismoitinerante.com\/site\/wp-json\/wp\/v2\/tags?post=25617"}],"curies":[{"name":"wp","href":"https:\/\/api.w.org\/{rel}","templated":true}]}}