{"id":18290,"date":"2013-02-13T10:49:21","date_gmt":"2013-02-13T09:49:21","guid":{"rendered":"http:\/\/www.turismoitinerante.com\/site\/?p=18290"},"modified":"2013-02-13T10:49:21","modified_gmt":"2013-02-13T09:49:21","slug":"italia-vacanze-2013-la-tradizione-si-rinnova","status":"publish","type":"post","link":"https:\/\/www.turismoitinerante.com\/site\/italia-vacanze-2013-la-tradizione-si-rinnova\/","title":{"rendered":"Italia Vacanze 2013: la tradizione si rinnova"},"content":{"rendered":"<p><strong>Sta per alzarsi il sipario sulla 39esima edizione della mostra \u201cItalia Vacanze\u201d, la fiera dedicata ai camper, alle caravan, al campeggio e al turismo all&#8217;aria aperta che si svolger\u00e0 dall&#8217;1 al 3 marzo 2013 nei padiglioni del Parco Esposizioni Novegro (MI). <\/strong><\/p>\n<p>La storica kermesse milanese dedicata ai veicoli e alle attrezzature per le vacanze all\u2019aria aperta si svolge presso il Parco Esposizioni Novegro, alle porte di Milano. A breve distanza dall&#8217;Aeroporto Internazionale di Linate, il complesso fieristico \u00e8 situato in un&#8217;oasi verde che si estende dal Parco Forlanini al Parco dell\u2019Idroscalo e conta 250.000 mq di superficie totale.<br \/>\n<strong><a href=\"http:\/\/www.fieraitaliavacanze.it\" target=\"_blank\"><span style=\"text-decoration: underline;\">www.fieraitaliavacanze.it<\/span><\/a><\/strong><\/p>\n<p><strong><span style=\"text-decoration: underline;\"><a href=\"http:\/\/www.turismoitinerante.com\/site\/wp-content\/uploads\/2013\/02\/ItaVacanze2013.jpg\"><img decoding=\"async\" class=\"aligncenter size-full wp-image-18291\" title=\"Italia Vacanze 2013: la tradizione si rinnova \" src=\"http:\/\/www.turismoitinerante.com\/site\/wp-content\/uploads\/2013\/02\/ItaVacanze2013.jpg\" alt=\"Italia Vacanze 2013: la tradizione si rinnova \" width=\"650\" height=\"433\" srcset=\"https:\/\/www.turismoitinerante.com\/site\/wp-content\/uploads\/2013\/02\/ItaVacanze2013.jpg 650w, https:\/\/www.turismoitinerante.com\/site\/wp-content\/uploads\/2013\/02\/ItaVacanze2013-300x199.jpg 300w, https:\/\/www.turismoitinerante.com\/site\/wp-content\/uploads\/2013\/02\/ItaVacanze2013-400x266.jpg 400w\" sizes=\"(max-width: 650px) 100vw, 650px\" \/><\/a><br \/>\n<\/span><\/strong><\/p>\n<p>Una location del tutto azzeccata per una fiera dedicata al turismo all\u2019aria aperta che ha nel contatto con la natura la sua principale essenza.<br \/>\n\u00abSiamo alla vigilia del 40\u00b0 anno \u2013 dice l\u2019Arch. Gabriele Pagliuzzi, patron della manifestazione \u2013 e Italia Vacanze con ostinazione vuole riconfermare il suo ruolo di punto di riferimento per gli amanti del <em>turismo all\u2019aria aperta<\/em>, del <em>caravanning<\/em> e del <em>campering<\/em> con lo stesso spirito che la vide innovativa ed esordiente nel 1975, quando il pubblico premi\u00f2 la nostra iniziativa dedicata a un turismo alternativo ed ecologico\u00bb.<\/p>\n<p>Dall\u20191 al 3 marzo, con una formula molto apprezzata da pubblico e operatori basata su tre giorni di manifestazione, il settore del turismo \u201cen plein air\u201d si ritrova a Italia Vacanze: un appuntamento fisso non solo per i milanesi, ma che trova sempre pi\u00f9 consensi da tutta la Lombardia e dalle regioni vicine, grazie alla sua posizione geografica e al felice calendario, prossimo alla primavera e all\u2019imminente programmazione delle vacanze.<\/p>\n<p>\u00abAnche se il mercato nazionale registra delle contrazioni che sono derivate dalla crisi economica \u2013 continua Pagliuzzi &#8211; da una stanchezza ciclica, dalla forte attrattiva di forme alternative di turismo come le crociere o i voli low cost, la scoperta del territorio in famiglia, insieme ai propri figli, con modalit\u00e0 da esploratori che amano il turismo, l\u2019arte, l\u2019ecologia \u00e8 un valore che non si esaurir\u00e0 in breve tempo, perch\u00e9 legato al miglioramento e alla curiosit\u00e0 dell\u2019uomo\u00bb.<\/p>\n<p>La manifestazione si caratterizzer\u00e0 anche quest\u2019anno per la sua ricchezza di eventi collaterali tra cui spicca l\u2019area VivaVoce, uno spazio nel quale si terranno conferenze, seminari tecnici e incontri con i visitatori, collocato in posizione centrale all\u2019interno dei padiglioni, nel vivo della manifestazione fieristica.<\/p>\n<p>I visitatori che giungeranno in camper troveranno una straordinaria programmazione curata da specialisti nell\u2019organizzazione di viaggi e raduni e che prevede di giorno la visita al Cenacolo Vinciano o un tour guidato di Santa Maria delle Grazie con Visita dell\u2019Acquario Civico e la sera balli e musiche country con i Mismountainboys, una band molto apprezzata e portavoce della corrente Bluegrass della country music americana. Importante anche la partecipazione dell\u2019associazione \u201cSpirito del Pianeta\u201d, patrocinata da Promocamp, e nata per promuovere e favorire l&#8217;incontro, la conoscenza reciproca e la fratellanza dei popoli, salvaguardare le culture tribali e valorizzarne le tradizioni.<\/p>\n<p>A intrattenere il pubblico ci sar\u00e0 anche Beppe Tenti, storico capo spedizione della famosa serie televisiva Overland trasmessa su RAI 1 dal \u201996, che dal palco dell\u2019area VivaVoce racconter\u00e0 le sue avventure e i numerosi ostacoli superati dal team durante le spedizioni dei celebri camion arancioni, giunta recentemente alla 13\u00b0 serie televisiva.<\/p>\n<p>Un autentico tocco d\u2019antan lo proporr\u00e0 il R.I.V.A.R.S. (Registro Italiano Veicoli Abitativi Ricreazionali Storici), che grazie alla disponibilit\u00e0 di un proprio socio esporr\u00e0 un furgone del 1966 dismesso da Poste e Telegrafi e allestito artigianalmente, ma con grande cura, ad autocaravan.<\/p>\n<p>\u00abNovegro \u00e8 pi\u00f9 un\u2019occasione per ritrovarsi in famiglia, tra amici, piuttosto che una parata di mezzi e di offerte commerciali \u2013 conclude Pagliuzzi &#8211; Questo \u00e8 da sempre lo spirito di Italia Vacanze, valori sinceri e apprezzati e che ci fanno ben sperare sul futuro della manifestazione che comincia ad avere un valore storico. Credo che non ci sia nessun\u2019altra manifestazione in Italia con questa continuit\u00e0.<\/p>\n<p>Ci sono state iniziative pi\u00f9 anziane, che per\u00f2 sono scomparse prima o come nome o come sede. Italia Vacanze, invece, \u00e8 sempre rimasta qui, al Parco Esposizioni Novegro e ha sempre espresso, nel tempo, una forte capacit\u00e0 di attrattiva che non \u00e8 mai venuta meno, ma al contrario ha permesso a molti di superare i momenti di difficolt\u00e0. Ciclicamente il mercato pu\u00f2 ritrovare in Novegro quelle occasioni e possibilit\u00e0 di contatto con il pubblico che, oltretutto, ne certificano l\u2019esistenza\u00bb.<\/p>\n<p><strong>Informazioni utili<\/strong><br \/>\nItalia Vacanze: Parco Esposizioni Novegro<br \/>\nLocalit\u00e0 Novegro \u2013 Segrate (MI), nelle vicinanze dell\u2019aeroporto di Linate<br \/>\nTel. 02 70200022<br \/>\n<strong><a href=\"http:\/\/www.fieraitaliavacanze.it\" target=\"_blank\"><span style=\"text-decoration: underline;\">www.fieraitaliavacanze.it<\/span><\/a><\/strong><br \/>\nE-mail: italiavacanze@parcoesposizioninovegro.it<br \/>\nLa fiera si terr\u00e0 dall\u20191 al 3 marzo 2013<br \/>\nOrari: dalle ore 10 alle 18<br \/>\nPrezzi: adulti euro 10, da 6 a 12 anni euro 5; ingresso gratuito fino a 6 anni<\/p>\n<div class=\"7863122cad8776726ec303240ed69aa5\" data-index=\"4\" style=\"float: none; margin:10px 0 10px 0; text-align:center;\">\n<script async src=\"\/\/pagead2.googlesyndication.com\/pagead\/js\/adsbygoogle.js\"><\/script>\r\n<!-- 728x90, creato 23\/02\/11 -->\r\n<ins class=\"adsbygoogle\"\r\n     style=\"display:inline-block;width:728px;height:90px\"\r\n     data-ad-client=\"ca-pub-5798583071070083\"\r\n     data-ad-slot=\"5935394872\"><\/ins>\r\n<script>\r\n(adsbygoogle = window.adsbygoogle || []).push({});\r\n<\/script>\n<\/div>\n\n<div style=\"font-size: 0px; height: 0px; line-height: 0px; margin: 0; padding: 0; clear: both;\"><\/div>","protected":false},"excerpt":{"rendered":"<p>Sta per alzarsi il sipario sulla 39esima edizione della mostra \u201cItalia Vacanze\u201d, la fiera dedicata ai camper, alle caravan, al campeggio e al turismo all&#8217;aria aperta che si svolger\u00e0 dall&#8217;1 al 3 marzo 2013 nei padiglioni del Parco Esposizioni Novegro (MI). La storica kermesse milanese dedicata ai veicoli e alle attrezzature per le vacanze all\u2019aria [&hellip;]<\/p>\n","protected":false},"author":1,"featured_media":18291,"comment_status":"closed","ping_status":"open","sticky":false,"template":"","format":"standard","meta":{"ngg_post_thumbnail":0,"jnews-multi-image_gallery":[],"jnews_single_post":[],"jnews_primary_category":[],"jnews_override_counter":[],"footnotes":""},"categories":[24],"tags":[467],"class_list":["post-18290","post","type-post","status-publish","format-standard","has-post-thumbnail","hentry","category-news","tag-italia-vacanze"],"yoast_head":"<!-- This site is optimized with the Yoast SEO plugin v27.4 - https:\/\/yoast.com\/product\/yoast-seo-wordpress\/ -->\n<title>Italia Vacanze 2013: la tradizione si rinnova  - TI - Turismo Itinerante<\/title>\n<meta name=\"robots\" content=\"index, follow, max-snippet:-1, max-image-preview:large, max-video-preview:-1\" \/>\n<link rel=\"canonical\" href=\"https:\/\/www.turismoitinerante.com\/site\/italia-vacanze-2013-la-tradizione-si-rinnova\/\" \/>\n<meta property=\"og:locale\" content=\"it_IT\" \/>\n<meta property=\"og:type\" content=\"article\" \/>\n<meta property=\"og:title\" content=\"Italia Vacanze 2013: la tradizione si rinnova  - TI - Turismo Itinerante\" \/>\n<meta property=\"og:description\" content=\"Sta per alzarsi il sipario sulla 39esima edizione della mostra \u201cItalia Vacanze\u201d, la fiera dedicata ai camper, alle caravan, al campeggio e al turismo all&#8217;aria aperta che si svolger\u00e0 dall&#8217;1 al 3 marzo 2013 nei padiglioni del Parco Esposizioni Novegro (MI). La storica kermesse milanese dedicata ai veicoli e alle attrezzature per le vacanze all\u2019aria [&hellip;]\" \/>\n<meta property=\"og:url\" content=\"https:\/\/www.turismoitinerante.com\/site\/italia-vacanze-2013-la-tradizione-si-rinnova\/\" \/>\n<meta property=\"og:site_name\" content=\"TI - Turismo Itinerante\" \/>\n<meta property=\"article:published_time\" content=\"2013-02-13T09:49:21+00:00\" \/>\n<meta property=\"og:image\" content=\"https:\/\/www.turismoitinerante.com\/site\/wp-content\/uploads\/2013\/02\/ItaVacanze2013.jpg\" \/>\n\t<meta property=\"og:image:width\" content=\"650\" \/>\n\t<meta property=\"og:image:height\" content=\"433\" \/>\n\t<meta property=\"og:image:type\" content=\"image\/jpeg\" \/>\n<meta name=\"author\" content=\"admin\" \/>\n<meta name=\"twitter:card\" content=\"summary_large_image\" \/>\n<meta name=\"twitter:label1\" content=\"Scritto da\" \/>\n\t<meta name=\"twitter:data1\" content=\"admin\" \/>\n\t<meta name=\"twitter:label2\" content=\"Tempo di lettura stimato\" \/>\n\t<meta name=\"twitter:data2\" content=\"4 minuti\" \/>\n<script type=\"application\/ld+json\" class=\"yoast-schema-graph\">{\"@context\":\"https:\\\/\\\/schema.org\",\"@graph\":[{\"@type\":\"Article\",\"@id\":\"https:\\\/\\\/www.turismoitinerante.com\\\/site\\\/italia-vacanze-2013-la-tradizione-si-rinnova\\\/#article\",\"isPartOf\":{\"@id\":\"https:\\\/\\\/www.turismoitinerante.com\\\/site\\\/italia-vacanze-2013-la-tradizione-si-rinnova\\\/\"},\"author\":{\"name\":\"admin\",\"@id\":\"https:\\\/\\\/www.turismoitinerante.com\\\/site\\\/#\\\/schema\\\/person\\\/1e1238d2d1617438f3682e54bf4d6c05\"},\"headline\":\"Italia Vacanze 2013: la tradizione si rinnova\",\"datePublished\":\"2013-02-13T09:49:21+00:00\",\"mainEntityOfPage\":{\"@id\":\"https:\\\/\\\/www.turismoitinerante.com\\\/site\\\/italia-vacanze-2013-la-tradizione-si-rinnova\\\/\"},\"wordCount\":777,\"image\":{\"@id\":\"https:\\\/\\\/www.turismoitinerante.com\\\/site\\\/italia-vacanze-2013-la-tradizione-si-rinnova\\\/#primaryimage\"},\"thumbnailUrl\":\"https:\\\/\\\/www.turismoitinerante.com\\\/site\\\/wp-content\\\/uploads\\\/2013\\\/02\\\/ItaVacanze2013.jpg\",\"keywords\":[\"italia-vacanze\"],\"articleSection\":[\"News\"],\"inLanguage\":\"it-IT\"},{\"@type\":\"WebPage\",\"@id\":\"https:\\\/\\\/www.turismoitinerante.com\\\/site\\\/italia-vacanze-2013-la-tradizione-si-rinnova\\\/\",\"url\":\"https:\\\/\\\/www.turismoitinerante.com\\\/site\\\/italia-vacanze-2013-la-tradizione-si-rinnova\\\/\",\"name\":\"Italia Vacanze 2013: la tradizione si rinnova - TI - Turismo Itinerante\",\"isPartOf\":{\"@id\":\"https:\\\/\\\/www.turismoitinerante.com\\\/site\\\/#website\"},\"primaryImageOfPage\":{\"@id\":\"https:\\\/\\\/www.turismoitinerante.com\\\/site\\\/italia-vacanze-2013-la-tradizione-si-rinnova\\\/#primaryimage\"},\"image\":{\"@id\":\"https:\\\/\\\/www.turismoitinerante.com\\\/site\\\/italia-vacanze-2013-la-tradizione-si-rinnova\\\/#primaryimage\"},\"thumbnailUrl\":\"https:\\\/\\\/www.turismoitinerante.com\\\/site\\\/wp-content\\\/uploads\\\/2013\\\/02\\\/ItaVacanze2013.jpg\",\"datePublished\":\"2013-02-13T09:49:21+00:00\",\"author\":{\"@id\":\"https:\\\/\\\/www.turismoitinerante.com\\\/site\\\/#\\\/schema\\\/person\\\/1e1238d2d1617438f3682e54bf4d6c05\"},\"breadcrumb\":{\"@id\":\"https:\\\/\\\/www.turismoitinerante.com\\\/site\\\/italia-vacanze-2013-la-tradizione-si-rinnova\\\/#breadcrumb\"},\"inLanguage\":\"it-IT\",\"potentialAction\":[{\"@type\":\"ReadAction\",\"target\":[\"https:\\\/\\\/www.turismoitinerante.com\\\/site\\\/italia-vacanze-2013-la-tradizione-si-rinnova\\\/\"]}]},{\"@type\":\"ImageObject\",\"inLanguage\":\"it-IT\",\"@id\":\"https:\\\/\\\/www.turismoitinerante.com\\\/site\\\/italia-vacanze-2013-la-tradizione-si-rinnova\\\/#primaryimage\",\"url\":\"https:\\\/\\\/www.turismoitinerante.com\\\/site\\\/wp-content\\\/uploads\\\/2013\\\/02\\\/ItaVacanze2013.jpg\",\"contentUrl\":\"https:\\\/\\\/www.turismoitinerante.com\\\/site\\\/wp-content\\\/uploads\\\/2013\\\/02\\\/ItaVacanze2013.jpg\",\"width\":\"650\",\"height\":\"433\",\"caption\":\"Italia Vacanze 2013: la tradizione si rinnova\"},{\"@type\":\"BreadcrumbList\",\"@id\":\"https:\\\/\\\/www.turismoitinerante.com\\\/site\\\/italia-vacanze-2013-la-tradizione-si-rinnova\\\/#breadcrumb\",\"itemListElement\":[{\"@type\":\"ListItem\",\"position\":1,\"name\":\"Home\",\"item\":\"https:\\\/\\\/www.turismoitinerante.com\\\/site\\\/\"},{\"@type\":\"ListItem\",\"position\":2,\"name\":\"Italia Vacanze 2013: la tradizione si rinnova\"}]},{\"@type\":\"WebSite\",\"@id\":\"https:\\\/\\\/www.turismoitinerante.com\\\/site\\\/#website\",\"url\":\"https:\\\/\\\/www.turismoitinerante.com\\\/site\\\/\",\"name\":\"TI - Turismo Itinerante\",\"description\":\"Ritrovarsi su internet per informarsi, per informare. Il portale del turismo itinerante. Una infinit\u00e0 di notizie su camper, itinerari, aree sosta camper, concessionari, campeggi, agriturismo, raduni, sagre, fiere, mostre, associazioni, club, forum, bacheca annunci\",\"potentialAction\":[{\"@type\":\"SearchAction\",\"target\":{\"@type\":\"EntryPoint\",\"urlTemplate\":\"https:\\\/\\\/www.turismoitinerante.com\\\/site\\\/?s={search_term_string}\"},\"query-input\":{\"@type\":\"PropertyValueSpecification\",\"valueRequired\":true,\"valueName\":\"search_term_string\"}}],\"inLanguage\":\"it-IT\"},{\"@type\":\"Person\",\"@id\":\"https:\\\/\\\/www.turismoitinerante.com\\\/site\\\/#\\\/schema\\\/person\\\/1e1238d2d1617438f3682e54bf4d6c05\",\"name\":\"admin\",\"image\":{\"@type\":\"ImageObject\",\"inLanguage\":\"it-IT\",\"@id\":\"https:\\\/\\\/secure.gravatar.com\\\/avatar\\\/9102d8c23b35e2809b07ebc42ce126daa3d6a47cce9878a22d14d9852ade629e?s=96&d=mm&r=g\",\"url\":\"https:\\\/\\\/secure.gravatar.com\\\/avatar\\\/9102d8c23b35e2809b07ebc42ce126daa3d6a47cce9878a22d14d9852ade629e?s=96&d=mm&r=g\",\"contentUrl\":\"https:\\\/\\\/secure.gravatar.com\\\/avatar\\\/9102d8c23b35e2809b07ebc42ce126daa3d6a47cce9878a22d14d9852ade629e?s=96&d=mm&r=g\",\"caption\":\"admin\"},\"url\":\"https:\\\/\\\/www.turismoitinerante.com\\\/site\\\/author\\\/admin\\\/\"}]}<\/script>\n<!-- \/ Yoast SEO plugin. -->","yoast_head_json":{"title":"Italia Vacanze 2013: la tradizione si rinnova  - TI - Turismo Itinerante","robots":{"index":"index","follow":"follow","max-snippet":"max-snippet:-1","max-image-preview":"max-image-preview:large","max-video-preview":"max-video-preview:-1"},"canonical":"https:\/\/www.turismoitinerante.com\/site\/italia-vacanze-2013-la-tradizione-si-rinnova\/","og_locale":"it_IT","og_type":"article","og_title":"Italia Vacanze 2013: la tradizione si rinnova  - TI - Turismo Itinerante","og_description":"Sta per alzarsi il sipario sulla 39esima edizione della mostra \u201cItalia Vacanze\u201d, la fiera dedicata ai camper, alle caravan, al campeggio e al turismo all&#8217;aria aperta che si svolger\u00e0 dall&#8217;1 al 3 marzo 2013 nei padiglioni del Parco Esposizioni Novegro (MI). La storica kermesse milanese dedicata ai veicoli e alle attrezzature per le vacanze all\u2019aria [&hellip;]","og_url":"https:\/\/www.turismoitinerante.com\/site\/italia-vacanze-2013-la-tradizione-si-rinnova\/","og_site_name":"TI - Turismo Itinerante","article_published_time":"2013-02-13T09:49:21+00:00","og_image":[{"width":650,"height":433,"url":"https:\/\/www.turismoitinerante.com\/site\/wp-content\/uploads\/2013\/02\/ItaVacanze2013.jpg","type":"image\/jpeg"}],"author":"admin","twitter_card":"summary_large_image","twitter_misc":{"Scritto da":"admin","Tempo di lettura stimato":"4 minuti"},"schema":{"@context":"https:\/\/schema.org","@graph":[{"@type":"Article","@id":"https:\/\/www.turismoitinerante.com\/site\/italia-vacanze-2013-la-tradizione-si-rinnova\/#article","isPartOf":{"@id":"https:\/\/www.turismoitinerante.com\/site\/italia-vacanze-2013-la-tradizione-si-rinnova\/"},"author":{"name":"admin","@id":"https:\/\/www.turismoitinerante.com\/site\/#\/schema\/person\/1e1238d2d1617438f3682e54bf4d6c05"},"headline":"Italia Vacanze 2013: la tradizione si rinnova","datePublished":"2013-02-13T09:49:21+00:00","mainEntityOfPage":{"@id":"https:\/\/www.turismoitinerante.com\/site\/italia-vacanze-2013-la-tradizione-si-rinnova\/"},"wordCount":777,"image":{"@id":"https:\/\/www.turismoitinerante.com\/site\/italia-vacanze-2013-la-tradizione-si-rinnova\/#primaryimage"},"thumbnailUrl":"https:\/\/www.turismoitinerante.com\/site\/wp-content\/uploads\/2013\/02\/ItaVacanze2013.jpg","keywords":["italia-vacanze"],"articleSection":["News"],"inLanguage":"it-IT"},{"@type":"WebPage","@id":"https:\/\/www.turismoitinerante.com\/site\/italia-vacanze-2013-la-tradizione-si-rinnova\/","url":"https:\/\/www.turismoitinerante.com\/site\/italia-vacanze-2013-la-tradizione-si-rinnova\/","name":"Italia Vacanze 2013: la tradizione si rinnova - TI - Turismo Itinerante","isPartOf":{"@id":"https:\/\/www.turismoitinerante.com\/site\/#website"},"primaryImageOfPage":{"@id":"https:\/\/www.turismoitinerante.com\/site\/italia-vacanze-2013-la-tradizione-si-rinnova\/#primaryimage"},"image":{"@id":"https:\/\/www.turismoitinerante.com\/site\/italia-vacanze-2013-la-tradizione-si-rinnova\/#primaryimage"},"thumbnailUrl":"https:\/\/www.turismoitinerante.com\/site\/wp-content\/uploads\/2013\/02\/ItaVacanze2013.jpg","datePublished":"2013-02-13T09:49:21+00:00","author":{"@id":"https:\/\/www.turismoitinerante.com\/site\/#\/schema\/person\/1e1238d2d1617438f3682e54bf4d6c05"},"breadcrumb":{"@id":"https:\/\/www.turismoitinerante.com\/site\/italia-vacanze-2013-la-tradizione-si-rinnova\/#breadcrumb"},"inLanguage":"it-IT","potentialAction":[{"@type":"ReadAction","target":["https:\/\/www.turismoitinerante.com\/site\/italia-vacanze-2013-la-tradizione-si-rinnova\/"]}]},{"@type":"ImageObject","inLanguage":"it-IT","@id":"https:\/\/www.turismoitinerante.com\/site\/italia-vacanze-2013-la-tradizione-si-rinnova\/#primaryimage","url":"https:\/\/www.turismoitinerante.com\/site\/wp-content\/uploads\/2013\/02\/ItaVacanze2013.jpg","contentUrl":"https:\/\/www.turismoitinerante.com\/site\/wp-content\/uploads\/2013\/02\/ItaVacanze2013.jpg","width":"650","height":"433","caption":"Italia Vacanze 2013: la tradizione si rinnova"},{"@type":"BreadcrumbList","@id":"https:\/\/www.turismoitinerante.com\/site\/italia-vacanze-2013-la-tradizione-si-rinnova\/#breadcrumb","itemListElement":[{"@type":"ListItem","position":1,"name":"Home","item":"https:\/\/www.turismoitinerante.com\/site\/"},{"@type":"ListItem","position":2,"name":"Italia Vacanze 2013: la tradizione si rinnova"}]},{"@type":"WebSite","@id":"https:\/\/www.turismoitinerante.com\/site\/#website","url":"https:\/\/www.turismoitinerante.com\/site\/","name":"TI - Turismo Itinerante","description":"Ritrovarsi su internet per informarsi, per informare. Il portale del turismo itinerante. Una infinit\u00e0 di notizie su camper, itinerari, aree sosta camper, concessionari, campeggi, agriturismo, raduni, sagre, fiere, mostre, associazioni, club, forum, bacheca annunci","potentialAction":[{"@type":"SearchAction","target":{"@type":"EntryPoint","urlTemplate":"https:\/\/www.turismoitinerante.com\/site\/?s={search_term_string}"},"query-input":{"@type":"PropertyValueSpecification","valueRequired":true,"valueName":"search_term_string"}}],"inLanguage":"it-IT"},{"@type":"Person","@id":"https:\/\/www.turismoitinerante.com\/site\/#\/schema\/person\/1e1238d2d1617438f3682e54bf4d6c05","name":"admin","image":{"@type":"ImageObject","inLanguage":"it-IT","@id":"https:\/\/secure.gravatar.com\/avatar\/9102d8c23b35e2809b07ebc42ce126daa3d6a47cce9878a22d14d9852ade629e?s=96&d=mm&r=g","url":"https:\/\/secure.gravatar.com\/avatar\/9102d8c23b35e2809b07ebc42ce126daa3d6a47cce9878a22d14d9852ade629e?s=96&d=mm&r=g","contentUrl":"https:\/\/secure.gravatar.com\/avatar\/9102d8c23b35e2809b07ebc42ce126daa3d6a47cce9878a22d14d9852ade629e?s=96&d=mm&r=g","caption":"admin"},"url":"https:\/\/www.turismoitinerante.com\/site\/author\/admin\/"}]}},"_links":{"self":[{"href":"https:\/\/www.turismoitinerante.com\/site\/wp-json\/wp\/v2\/posts\/18290","targetHints":{"allow":["GET"]}}],"collection":[{"href":"https:\/\/www.turismoitinerante.com\/site\/wp-json\/wp\/v2\/posts"}],"about":[{"href":"https:\/\/www.turismoitinerante.com\/site\/wp-json\/wp\/v2\/types\/post"}],"author":[{"embeddable":true,"href":"https:\/\/www.turismoitinerante.com\/site\/wp-json\/wp\/v2\/users\/1"}],"replies":[{"embeddable":true,"href":"https:\/\/www.turismoitinerante.com\/site\/wp-json\/wp\/v2\/comments?post=18290"}],"version-history":[{"count":2,"href":"https:\/\/www.turismoitinerante.com\/site\/wp-json\/wp\/v2\/posts\/18290\/revisions"}],"predecessor-version":[{"id":18293,"href":"https:\/\/www.turismoitinerante.com\/site\/wp-json\/wp\/v2\/posts\/18290\/revisions\/18293"}],"wp:featuredmedia":[{"embeddable":true,"href":"https:\/\/www.turismoitinerante.com\/site\/wp-json\/wp\/v2\/media\/18291"}],"wp:attachment":[{"href":"https:\/\/www.turismoitinerante.com\/site\/wp-json\/wp\/v2\/media?parent=18290"}],"wp:term":[{"taxonomy":"category","embeddable":true,"href":"https:\/\/www.turismoitinerante.com\/site\/wp-json\/wp\/v2\/categories?post=18290"},{"taxonomy":"post_tag","embeddable":true,"href":"https:\/\/www.turismoitinerante.com\/site\/wp-json\/wp\/v2\/tags?post=18290"}],"curies":[{"name":"wp","href":"https:\/\/api.w.org\/{rel}","templated":true}]}}