{"id":13852,"date":"2012-10-22T09:12:32","date_gmt":"2012-10-22T08:12:32","guid":{"rendered":"http:\/\/www.turismoitinerante.com\/site\/?p=13852"},"modified":"2012-10-22T09:12:32","modified_gmt":"2012-10-22T08:12:32","slug":"alto-adige-terme-merano-chiar-di-luna","status":"publish","type":"post","link":"https:\/\/www.turismoitinerante.com\/site\/alto-adige-terme-merano-chiar-di-luna\/","title":{"rendered":"Alto Adige: Terme di Merano al chiar di luna"},"content":{"rendered":"<h3>Alto Adige. Torna l\u2019iniziativa Pools &amp; Sauna Special Nights delle Terme Merano.<\/h3>\n<p>Ogni primo venerd\u00ec del mese, <strong>piscine e sauna finlandese<\/strong> aperte fino a mezzanotte. Castagna, betulla e abete, menta e ghiaccio, rose, miele, zenzero e limone: per ogni periodo le <strong>Terme Merano<\/strong> hanno pensato a un ingrediente di <strong>benessere<\/strong> speciale!<\/p>\n<p><a href=\"http:\/\/www.turismoitinerante.com\/site\/wp-content\/uploads\/2012\/10\/terme-merano.jpg\"><img decoding=\"async\" class=\"alignleft size-full wp-image-13853\" title=\"Alto Adige: Terme di Merano al chiar di luna\" src=\"http:\/\/www.turismoitinerante.com\/site\/wp-content\/uploads\/2012\/10\/terme-merano-e1350551283357.jpg\" alt=\"Alto Adige: Terme di Merano al chiar di luna\" width=\"400\" height=\"257\" \/><\/a>Il <strong>complesso termale<\/strong> che sorge <strong>nel cuore della nota meta di villeggiatura altoatesina<\/strong> \u00e8 pronto ad addolcire e riscaldare anche gli animi pi\u00f9 freddi con l\u2019iniziativa Pools &amp; Sauna Special Nights: irresistibile relax fino a mezzanotte.<\/p>\n<p>La notte \u00e8 Special alle Terme &#8211; Autunnale, natalizia, romantica, ghiacciata, meditativa: queste le caratteristiche delle speciali gettate di vapore che delizieranno gli ospiti della sauna finlandese delle Terme Merano ogni primo venerd\u00ec del mese, grazie all\u2019iniziativa Pools &amp; Sauna Special Nights.<\/p>\n<p>E non solo, insieme alla gettata di vapore saranno a disposizione prodotti speciali per effettuare un peeling davvero originale. E poi ancora giochi di luce e musica a lume di candela per un completo relax nella sala bagnanti, men\u00f9 Special Nights nel giardino d\u2019inverno, proiezioni di film classici, concerti e musical su maxischermo esterno.<\/p>\n<p>Abete, menta, rose e miele &#8211; Si inizia venerd\u00ec 2 novembre 2012 con gettata di vapore autunnale con peeling alla castagna e proiezione del film &#8220;Deep Blue&#8221; su maxischermo. Venerd\u00ec 7 dicembre 2012 \u00e8 la volta della gettata di vapore natalizia con massaggio ai rami di betulla ed abete, mentre un musical natalizio allieter\u00e0 gli ospiti della sala bagnanti. Venerd\u00ec 4 gennaio 2013 si saluta l\u2019anno nuovo con una gettata di vapore con ghiaccio e peeling alla menta, la sala bagnanti ospiter\u00e0 invece un programma speciale all\u2019insegna di \u201cluci invernali\u201d.<\/p>\n<p>Eccezionalmente di gioved\u00ec, il 14 febbraio 2012, per festeggiare il giorno di San Valentino, gettata di vapore alle rose e peeling alle rose mentre sul maxischermo va in scena il musical\u00a0 \u201cGrease\u201d dedicato a tutti gli innamorati! Ultimo appuntamento venerd\u00ec 1 marzo 2013 con gettata di vapore meditativa e peeling al miele, zenzero e limone, proiezione su maxischermo del concerto \u201cNight of the Proms\u201d.<\/p>\n<p>La gettata di vapore speciale con peeling verr\u00e0 fatta alle ore 22.15, ma le piscine e le saune saranno aperte fino alle 24.<\/p>\n<p>Benefico vapore di stagione &#8211; Le stesse speciali gettate di vapore si svolgono anche ogni marted\u00ec sera alle 20, sempre nella sauna finlandese nel settore esterno. Nel mese di novembre 2012 ci saranno gettate di vapore autunnali, natalizie nel mese di dicembre 2012, mentre i marted\u00ec di gennaio 2013 gettate di vapore con ghiaccio. In febbraio la gettata di vapore alle rose, mentre tutti i marted\u00ec di marzo 2013 gettate di vapore meditative.<\/p>\n<p>Caldamente raccomandate \u2013 \u201cSudare \u00e8 salute\u201d e non sono solo i finlandesi a pensarla cos\u00ec. Fare la sauna infatti rafforza il sistema immunitario e la circolazione, depura la pelle, d\u00e0 tono ai muscoli affaticati. Anche se i benefici pi\u00f9 noti sono soprattutto relax, sollievo e distacco dalla routine di ogni giorno.<\/p>\n<p>Nel mondo delle saune delle <strong>Terme Merano<\/strong> \u00e8 possibile scegliere fra la <strong>classica sauna finlandese<\/strong>, il <strong>bagno di vapore<\/strong>, il <strong>sanarium<\/strong>, il <strong>caldarium con inalazione idrominerali<\/strong> e la <strong>sauna finlandese nell\u2019area esterna<\/strong>.<\/p>\n<p>Altrettanto importante dopo la sauna \u00e8 la fase di raffreddamento. Accanto a getti e vasche di acqua fredda c\u2019\u00e8 anche la Sala della neve, una stanza tutta ricoperta di vera e fresca neve.<\/p>\n<p>Raffreddarsi sciando \u2013 Per chi desidera una vacanza tutta relax e sport, torna il biglietto combinato \u201cTerme &amp; Sci\u201d che permette di usufruire delle Terme Merano e della zona sciistica Merano 2000.<\/p>\n<p>Il pacchetto comprende: skipass di 4 ore per la zona sciistica Merano 2000, corsa in Alpin Bob, una sorta di montagna russa sulla neve, ingresso alle Terme Merano\u00a0per 3 ore con utilizzo delle piscine, noleggio asciugamano delle Terme Merano. V<\/p>\n<p>alidit\u00e0 dall\u20198 dicembre 2012 al 1\u00b0 aprile 2013, costo di 40 euro a persona.<\/p>\n<p>Info: Terme Merano,<strong> <\/strong><span style=\"text-decoration: underline;\"><strong><a href=\"http:\/\/www.termemerano.it\/\" target=\"_blank\">www.termemerano.it<\/a>,<\/strong><\/span> tel. 0473.252000.<\/p>\n<div class=\"7863122cad8776726ec303240ed69aa5\" data-index=\"4\" style=\"float: none; margin:10px 0 10px 0; text-align:center;\">\n<script async src=\"\/\/pagead2.googlesyndication.com\/pagead\/js\/adsbygoogle.js\"><\/script>\r\n<!-- 728x90, creato 23\/02\/11 -->\r\n<ins class=\"adsbygoogle\"\r\n     style=\"display:inline-block;width:728px;height:90px\"\r\n     data-ad-client=\"ca-pub-5798583071070083\"\r\n     data-ad-slot=\"5935394872\"><\/ins>\r\n<script>\r\n(adsbygoogle = window.adsbygoogle || []).push({});\r\n<\/script>\n<\/div>\n\n<div style=\"font-size: 0px; height: 0px; line-height: 0px; margin: 0; padding: 0; clear: both;\"><\/div>","protected":false},"excerpt":{"rendered":"<p>Alto Adige. Torna l\u2019iniziativa Pools &amp; Sauna Special Nights delle Terme Merano. Ogni primo venerd\u00ec del mese, piscine e sauna finlandese aperte fino a mezzanotte. Castagna, betulla e abete, menta e ghiaccio, rose, miele, zenzero e limone: per ogni periodo le Terme Merano hanno pensato a un ingrediente di benessere speciale! Il complesso termale che [&hellip;]<\/p>\n","protected":false},"author":1,"featured_media":13853,"comment_status":"closed","ping_status":"open","sticky":false,"template":"","format":"standard","meta":{"ngg_post_thumbnail":0,"jnews-multi-image_gallery":[],"jnews_single_post":[],"jnews_primary_category":[],"jnews_override_counter":[],"footnotes":""},"categories":[24],"tags":[],"class_list":["post-13852","post","type-post","status-publish","format-standard","has-post-thumbnail","hentry","category-news"],"yoast_head":"<!-- This site is optimized with the Yoast SEO plugin v27.4 - https:\/\/yoast.com\/product\/yoast-seo-wordpress\/ -->\n<title>Alto Adige: Terme di Merano al chiar di luna - TI - Turismo Itinerante<\/title>\n<meta name=\"robots\" content=\"index, follow, max-snippet:-1, max-image-preview:large, max-video-preview:-1\" \/>\n<link rel=\"canonical\" href=\"https:\/\/www.turismoitinerante.com\/site\/alto-adige-terme-merano-chiar-di-luna\/\" \/>\n<meta property=\"og:locale\" content=\"it_IT\" \/>\n<meta property=\"og:type\" content=\"article\" \/>\n<meta property=\"og:title\" content=\"Alto Adige: Terme di Merano al chiar di luna - TI - Turismo Itinerante\" \/>\n<meta property=\"og:description\" content=\"Alto Adige. Torna l\u2019iniziativa Pools &amp; Sauna Special Nights delle Terme Merano. Ogni primo venerd\u00ec del mese, piscine e sauna finlandese aperte fino a mezzanotte. Castagna, betulla e abete, menta e ghiaccio, rose, miele, zenzero e limone: per ogni periodo le Terme Merano hanno pensato a un ingrediente di benessere speciale! Il complesso termale che [&hellip;]\" \/>\n<meta property=\"og:url\" content=\"https:\/\/www.turismoitinerante.com\/site\/alto-adige-terme-merano-chiar-di-luna\/\" \/>\n<meta property=\"og:site_name\" content=\"TI - Turismo Itinerante\" \/>\n<meta property=\"article:published_time\" content=\"2012-10-22T08:12:32+00:00\" \/>\n<meta property=\"og:image\" content=\"https:\/\/www.turismoitinerante.com\/site\/wp-content\/uploads\/2012\/10\/terme-merano-e1350551283357.jpg\" \/>\n\t<meta property=\"og:image:width\" content=\"400\" \/>\n\t<meta property=\"og:image:height\" content=\"257\" \/>\n\t<meta property=\"og:image:type\" content=\"image\/jpeg\" \/>\n<meta name=\"author\" content=\"admin\" \/>\n<meta name=\"twitter:card\" content=\"summary_large_image\" \/>\n<meta name=\"twitter:label1\" content=\"Scritto da\" \/>\n\t<meta name=\"twitter:data1\" content=\"admin\" \/>\n\t<meta name=\"twitter:label2\" content=\"Tempo di lettura stimato\" \/>\n\t<meta name=\"twitter:data2\" content=\"3 minuti\" \/>\n<script type=\"application\/ld+json\" class=\"yoast-schema-graph\">{\"@context\":\"https:\\\/\\\/schema.org\",\"@graph\":[{\"@type\":\"Article\",\"@id\":\"https:\\\/\\\/www.turismoitinerante.com\\\/site\\\/alto-adige-terme-merano-chiar-di-luna\\\/#article\",\"isPartOf\":{\"@id\":\"https:\\\/\\\/www.turismoitinerante.com\\\/site\\\/alto-adige-terme-merano-chiar-di-luna\\\/\"},\"author\":{\"name\":\"admin\",\"@id\":\"https:\\\/\\\/www.turismoitinerante.com\\\/site\\\/#\\\/schema\\\/person\\\/1e1238d2d1617438f3682e54bf4d6c05\"},\"headline\":\"Alto Adige: Terme di Merano al chiar di luna\",\"datePublished\":\"2012-10-22T08:12:32+00:00\",\"mainEntityOfPage\":{\"@id\":\"https:\\\/\\\/www.turismoitinerante.com\\\/site\\\/alto-adige-terme-merano-chiar-di-luna\\\/\"},\"wordCount\":626,\"image\":{\"@id\":\"https:\\\/\\\/www.turismoitinerante.com\\\/site\\\/alto-adige-terme-merano-chiar-di-luna\\\/#primaryimage\"},\"thumbnailUrl\":\"https:\\\/\\\/www.turismoitinerante.com\\\/site\\\/wp-content\\\/uploads\\\/2012\\\/10\\\/terme-merano-e1350551283357.jpg\",\"articleSection\":[\"News\"],\"inLanguage\":\"it-IT\"},{\"@type\":\"WebPage\",\"@id\":\"https:\\\/\\\/www.turismoitinerante.com\\\/site\\\/alto-adige-terme-merano-chiar-di-luna\\\/\",\"url\":\"https:\\\/\\\/www.turismoitinerante.com\\\/site\\\/alto-adige-terme-merano-chiar-di-luna\\\/\",\"name\":\"Alto Adige: Terme di Merano al chiar di luna - TI - Turismo Itinerante\",\"isPartOf\":{\"@id\":\"https:\\\/\\\/www.turismoitinerante.com\\\/site\\\/#website\"},\"primaryImageOfPage\":{\"@id\":\"https:\\\/\\\/www.turismoitinerante.com\\\/site\\\/alto-adige-terme-merano-chiar-di-luna\\\/#primaryimage\"},\"image\":{\"@id\":\"https:\\\/\\\/www.turismoitinerante.com\\\/site\\\/alto-adige-terme-merano-chiar-di-luna\\\/#primaryimage\"},\"thumbnailUrl\":\"https:\\\/\\\/www.turismoitinerante.com\\\/site\\\/wp-content\\\/uploads\\\/2012\\\/10\\\/terme-merano-e1350551283357.jpg\",\"datePublished\":\"2012-10-22T08:12:32+00:00\",\"author\":{\"@id\":\"https:\\\/\\\/www.turismoitinerante.com\\\/site\\\/#\\\/schema\\\/person\\\/1e1238d2d1617438f3682e54bf4d6c05\"},\"breadcrumb\":{\"@id\":\"https:\\\/\\\/www.turismoitinerante.com\\\/site\\\/alto-adige-terme-merano-chiar-di-luna\\\/#breadcrumb\"},\"inLanguage\":\"it-IT\",\"potentialAction\":[{\"@type\":\"ReadAction\",\"target\":[\"https:\\\/\\\/www.turismoitinerante.com\\\/site\\\/alto-adige-terme-merano-chiar-di-luna\\\/\"]}]},{\"@type\":\"ImageObject\",\"inLanguage\":\"it-IT\",\"@id\":\"https:\\\/\\\/www.turismoitinerante.com\\\/site\\\/alto-adige-terme-merano-chiar-di-luna\\\/#primaryimage\",\"url\":\"https:\\\/\\\/www.turismoitinerante.com\\\/site\\\/wp-content\\\/uploads\\\/2012\\\/10\\\/terme-merano-e1350551283357.jpg\",\"contentUrl\":\"https:\\\/\\\/www.turismoitinerante.com\\\/site\\\/wp-content\\\/uploads\\\/2012\\\/10\\\/terme-merano-e1350551283357.jpg\",\"width\":\"400\",\"height\":\"257\",\"caption\":\"Alto Adige: Terme di Merano al chiar di luna\"},{\"@type\":\"BreadcrumbList\",\"@id\":\"https:\\\/\\\/www.turismoitinerante.com\\\/site\\\/alto-adige-terme-merano-chiar-di-luna\\\/#breadcrumb\",\"itemListElement\":[{\"@type\":\"ListItem\",\"position\":1,\"name\":\"Home\",\"item\":\"https:\\\/\\\/www.turismoitinerante.com\\\/site\\\/\"},{\"@type\":\"ListItem\",\"position\":2,\"name\":\"Alto Adige: Terme di Merano al chiar di luna\"}]},{\"@type\":\"WebSite\",\"@id\":\"https:\\\/\\\/www.turismoitinerante.com\\\/site\\\/#website\",\"url\":\"https:\\\/\\\/www.turismoitinerante.com\\\/site\\\/\",\"name\":\"TI - Turismo Itinerante\",\"description\":\"Ritrovarsi su internet per informarsi, per informare. Il portale del turismo itinerante. Una infinit\u00e0 di notizie su camper, itinerari, aree sosta camper, concessionari, campeggi, agriturismo, raduni, sagre, fiere, mostre, associazioni, club, forum, bacheca annunci\",\"potentialAction\":[{\"@type\":\"SearchAction\",\"target\":{\"@type\":\"EntryPoint\",\"urlTemplate\":\"https:\\\/\\\/www.turismoitinerante.com\\\/site\\\/?s={search_term_string}\"},\"query-input\":{\"@type\":\"PropertyValueSpecification\",\"valueRequired\":true,\"valueName\":\"search_term_string\"}}],\"inLanguage\":\"it-IT\"},{\"@type\":\"Person\",\"@id\":\"https:\\\/\\\/www.turismoitinerante.com\\\/site\\\/#\\\/schema\\\/person\\\/1e1238d2d1617438f3682e54bf4d6c05\",\"name\":\"admin\",\"image\":{\"@type\":\"ImageObject\",\"inLanguage\":\"it-IT\",\"@id\":\"https:\\\/\\\/secure.gravatar.com\\\/avatar\\\/9102d8c23b35e2809b07ebc42ce126daa3d6a47cce9878a22d14d9852ade629e?s=96&d=mm&r=g\",\"url\":\"https:\\\/\\\/secure.gravatar.com\\\/avatar\\\/9102d8c23b35e2809b07ebc42ce126daa3d6a47cce9878a22d14d9852ade629e?s=96&d=mm&r=g\",\"contentUrl\":\"https:\\\/\\\/secure.gravatar.com\\\/avatar\\\/9102d8c23b35e2809b07ebc42ce126daa3d6a47cce9878a22d14d9852ade629e?s=96&d=mm&r=g\",\"caption\":\"admin\"},\"url\":\"https:\\\/\\\/www.turismoitinerante.com\\\/site\\\/author\\\/admin\\\/\"}]}<\/script>\n<!-- \/ Yoast SEO plugin. -->","yoast_head_json":{"title":"Alto Adige: Terme di Merano al chiar di luna - TI - Turismo Itinerante","robots":{"index":"index","follow":"follow","max-snippet":"max-snippet:-1","max-image-preview":"max-image-preview:large","max-video-preview":"max-video-preview:-1"},"canonical":"https:\/\/www.turismoitinerante.com\/site\/alto-adige-terme-merano-chiar-di-luna\/","og_locale":"it_IT","og_type":"article","og_title":"Alto Adige: Terme di Merano al chiar di luna - TI - Turismo Itinerante","og_description":"Alto Adige. Torna l\u2019iniziativa Pools &amp; Sauna Special Nights delle Terme Merano. Ogni primo venerd\u00ec del mese, piscine e sauna finlandese aperte fino a mezzanotte. Castagna, betulla e abete, menta e ghiaccio, rose, miele, zenzero e limone: per ogni periodo le Terme Merano hanno pensato a un ingrediente di benessere speciale! Il complesso termale che [&hellip;]","og_url":"https:\/\/www.turismoitinerante.com\/site\/alto-adige-terme-merano-chiar-di-luna\/","og_site_name":"TI - Turismo Itinerante","article_published_time":"2012-10-22T08:12:32+00:00","og_image":[{"width":400,"height":257,"url":"https:\/\/www.turismoitinerante.com\/site\/wp-content\/uploads\/2012\/10\/terme-merano-e1350551283357.jpg","type":"image\/jpeg"}],"author":"admin","twitter_card":"summary_large_image","twitter_misc":{"Scritto da":"admin","Tempo di lettura stimato":"3 minuti"},"schema":{"@context":"https:\/\/schema.org","@graph":[{"@type":"Article","@id":"https:\/\/www.turismoitinerante.com\/site\/alto-adige-terme-merano-chiar-di-luna\/#article","isPartOf":{"@id":"https:\/\/www.turismoitinerante.com\/site\/alto-adige-terme-merano-chiar-di-luna\/"},"author":{"name":"admin","@id":"https:\/\/www.turismoitinerante.com\/site\/#\/schema\/person\/1e1238d2d1617438f3682e54bf4d6c05"},"headline":"Alto Adige: Terme di Merano al chiar di luna","datePublished":"2012-10-22T08:12:32+00:00","mainEntityOfPage":{"@id":"https:\/\/www.turismoitinerante.com\/site\/alto-adige-terme-merano-chiar-di-luna\/"},"wordCount":626,"image":{"@id":"https:\/\/www.turismoitinerante.com\/site\/alto-adige-terme-merano-chiar-di-luna\/#primaryimage"},"thumbnailUrl":"https:\/\/www.turismoitinerante.com\/site\/wp-content\/uploads\/2012\/10\/terme-merano-e1350551283357.jpg","articleSection":["News"],"inLanguage":"it-IT"},{"@type":"WebPage","@id":"https:\/\/www.turismoitinerante.com\/site\/alto-adige-terme-merano-chiar-di-luna\/","url":"https:\/\/www.turismoitinerante.com\/site\/alto-adige-terme-merano-chiar-di-luna\/","name":"Alto Adige: Terme di Merano al chiar di luna - TI - Turismo Itinerante","isPartOf":{"@id":"https:\/\/www.turismoitinerante.com\/site\/#website"},"primaryImageOfPage":{"@id":"https:\/\/www.turismoitinerante.com\/site\/alto-adige-terme-merano-chiar-di-luna\/#primaryimage"},"image":{"@id":"https:\/\/www.turismoitinerante.com\/site\/alto-adige-terme-merano-chiar-di-luna\/#primaryimage"},"thumbnailUrl":"https:\/\/www.turismoitinerante.com\/site\/wp-content\/uploads\/2012\/10\/terme-merano-e1350551283357.jpg","datePublished":"2012-10-22T08:12:32+00:00","author":{"@id":"https:\/\/www.turismoitinerante.com\/site\/#\/schema\/person\/1e1238d2d1617438f3682e54bf4d6c05"},"breadcrumb":{"@id":"https:\/\/www.turismoitinerante.com\/site\/alto-adige-terme-merano-chiar-di-luna\/#breadcrumb"},"inLanguage":"it-IT","potentialAction":[{"@type":"ReadAction","target":["https:\/\/www.turismoitinerante.com\/site\/alto-adige-terme-merano-chiar-di-luna\/"]}]},{"@type":"ImageObject","inLanguage":"it-IT","@id":"https:\/\/www.turismoitinerante.com\/site\/alto-adige-terme-merano-chiar-di-luna\/#primaryimage","url":"https:\/\/www.turismoitinerante.com\/site\/wp-content\/uploads\/2012\/10\/terme-merano-e1350551283357.jpg","contentUrl":"https:\/\/www.turismoitinerante.com\/site\/wp-content\/uploads\/2012\/10\/terme-merano-e1350551283357.jpg","width":"400","height":"257","caption":"Alto Adige: Terme di Merano al chiar di luna"},{"@type":"BreadcrumbList","@id":"https:\/\/www.turismoitinerante.com\/site\/alto-adige-terme-merano-chiar-di-luna\/#breadcrumb","itemListElement":[{"@type":"ListItem","position":1,"name":"Home","item":"https:\/\/www.turismoitinerante.com\/site\/"},{"@type":"ListItem","position":2,"name":"Alto Adige: Terme di Merano al chiar di luna"}]},{"@type":"WebSite","@id":"https:\/\/www.turismoitinerante.com\/site\/#website","url":"https:\/\/www.turismoitinerante.com\/site\/","name":"TI - Turismo Itinerante","description":"Ritrovarsi su internet per informarsi, per informare. Il portale del turismo itinerante. Una infinit\u00e0 di notizie su camper, itinerari, aree sosta camper, concessionari, campeggi, agriturismo, raduni, sagre, fiere, mostre, associazioni, club, forum, bacheca annunci","potentialAction":[{"@type":"SearchAction","target":{"@type":"EntryPoint","urlTemplate":"https:\/\/www.turismoitinerante.com\/site\/?s={search_term_string}"},"query-input":{"@type":"PropertyValueSpecification","valueRequired":true,"valueName":"search_term_string"}}],"inLanguage":"it-IT"},{"@type":"Person","@id":"https:\/\/www.turismoitinerante.com\/site\/#\/schema\/person\/1e1238d2d1617438f3682e54bf4d6c05","name":"admin","image":{"@type":"ImageObject","inLanguage":"it-IT","@id":"https:\/\/secure.gravatar.com\/avatar\/9102d8c23b35e2809b07ebc42ce126daa3d6a47cce9878a22d14d9852ade629e?s=96&d=mm&r=g","url":"https:\/\/secure.gravatar.com\/avatar\/9102d8c23b35e2809b07ebc42ce126daa3d6a47cce9878a22d14d9852ade629e?s=96&d=mm&r=g","contentUrl":"https:\/\/secure.gravatar.com\/avatar\/9102d8c23b35e2809b07ebc42ce126daa3d6a47cce9878a22d14d9852ade629e?s=96&d=mm&r=g","caption":"admin"},"url":"https:\/\/www.turismoitinerante.com\/site\/author\/admin\/"}]}},"_links":{"self":[{"href":"https:\/\/www.turismoitinerante.com\/site\/wp-json\/wp\/v2\/posts\/13852","targetHints":{"allow":["GET"]}}],"collection":[{"href":"https:\/\/www.turismoitinerante.com\/site\/wp-json\/wp\/v2\/posts"}],"about":[{"href":"https:\/\/www.turismoitinerante.com\/site\/wp-json\/wp\/v2\/types\/post"}],"author":[{"embeddable":true,"href":"https:\/\/www.turismoitinerante.com\/site\/wp-json\/wp\/v2\/users\/1"}],"replies":[{"embeddable":true,"href":"https:\/\/www.turismoitinerante.com\/site\/wp-json\/wp\/v2\/comments?post=13852"}],"version-history":[{"count":9,"href":"https:\/\/www.turismoitinerante.com\/site\/wp-json\/wp\/v2\/posts\/13852\/revisions"}],"predecessor-version":[{"id":13926,"href":"https:\/\/www.turismoitinerante.com\/site\/wp-json\/wp\/v2\/posts\/13852\/revisions\/13926"}],"wp:featuredmedia":[{"embeddable":true,"href":"https:\/\/www.turismoitinerante.com\/site\/wp-json\/wp\/v2\/media\/13853"}],"wp:attachment":[{"href":"https:\/\/www.turismoitinerante.com\/site\/wp-json\/wp\/v2\/media?parent=13852"}],"wp:term":[{"taxonomy":"category","embeddable":true,"href":"https:\/\/www.turismoitinerante.com\/site\/wp-json\/wp\/v2\/categories?post=13852"},{"taxonomy":"post_tag","embeddable":true,"href":"https:\/\/www.turismoitinerante.com\/site\/wp-json\/wp\/v2\/tags?post=13852"}],"curies":[{"name":"wp","href":"https:\/\/api.w.org\/{rel}","templated":true}]}}